{"id":5832,"date":"2025-09-03T21:45:06","date_gmt":"2025-09-03T18:45:06","guid":{"rendered":"https:\/\/www.anastasiapopescu.ro\/scoala\/?p=5832"},"modified":"2025-09-08T21:45:48","modified_gmt":"2025-09-08T18:45:48","slug":"plini-de-energie-si-cu-mare-chef-de-viata-ca-la-inceput-de-an-gata-sa-i-luam-de-la-gradinita-si-sa-i-facem-mari","status":"publish","type":"post","link":"https:\/\/www.anastasiapopescu.ro\/scoala\/plini-de-energie-si-cu-mare-chef-de-viata-ca-la-inceput-de-an-gata-sa-i-luam-de-la-gradinita-si-sa-i-facem-mari\/","title":{"rendered":"Plini de energie \u0219i cu mare chef de via\u021b\u0103, ca la \u00eenceput de an, gata s\u0103-i lu\u0103m de la gr\u0103dini\u021b\u0103 \u0219i s\u0103-i facem mari!"},"content":{"rendered":"\n<p class=\"wp-block-paragraph\">Dac\u0103 este septembrie \u0219i \u00eencepe \u0219coala, sigur ne \u00eent\u00e2lnim s\u0103 punem la cale anul care demareaz\u0103, cu planific\u0103ri, evalu\u0103ri, progresul fiec\u0103rui copil discutat \u0219i prognozat, prezentarea noilor colegi, tort f\u0103r\u0103 zah\u0103r dar cu dragoste, \u021binute \u00een culori potrivite \u201edin \u00eent\u00e2mplare\u201d, idei, idei, idei, proiecte, entuziasm \u0219i speran\u021be.<\/p>\n\n\n\n<p class=\"wp-block-paragraph\">Ne bucur\u0103m s\u0103 ne revedem cu to\u021bii, s\u0103 deschidem AGENDA oferit\u0103 de <a href=\"https:\/\/www.facebook.com\/share\/1J2sfzgric\">Editura ZBOR<\/a> pentru acest an \u0219colar \u0219i s\u0103 re\u00eempletim firul unor proiecte pe care s\u0103 le ducem c\u0103tre elevii no\u0219tri.<\/p>\n\n\n\n<p class=\"wp-block-paragraph\">Ne-a fost dor de cei care nu au participat la \u0218coala de Vacan\u021b\u0103, ne gr\u0103bim s\u0103 \u00eei cunoa\u0219tem pe liceenii dintr-a IX-a, dar \u0219i pe cei mai mititei din grupele Arc-en-Ciel &#8211; adic\u0103 de la gr\u0103dini\u021b\u0103.<\/p>\n\n\n\n<p class=\"wp-block-paragraph\">Cu v\u00e2rste de la 2 la 18 ani, copiii no\u0219tri vor fi \u0219i \u00een acest an \u00een miezul a tot ce proiect\u0103m \u0219i realiz\u0103m. E dificil uneori s\u0103 cuprinzi o plaj\u0103 de v\u00e2rste at\u00e2t de extins\u0103, dar tot ei sunt cei care ne dau solu\u021bii, ne provoac\u0103 s\u0103 fim partenerii lor de descoperire \u0219i de \u00eenv\u0103\u021bare, \u00eentr-un perpetuu schimb de energie \u0219i vis.<\/p>\n\n\n\n<p class=\"wp-block-paragraph\">S\u0103 avem cu to\u021bii \u00eenc\u0103 un an \u0219colar cu binele pe care \u00eel dorim fiec\u0103ruia dintre elevii no\u0219tri!<\/p>\n\n\n\n<p class=\"wp-block-paragraph\"><\/p>\n\n\n\n<p class=\"wp-block-paragraph\"><\/p>\n\n\n\n<figure class=\"wp-block-image size-large is-resized\"><img loading=\"lazy\" decoding=\"async\" width=\"675\" height=\"900\" src=\"https:\/\/www.anastasiapopescu.ro\/scoala\/wp-content\/uploads\/542756082_10041939125910334_9015546659960750969_n-1-675x900.jpg\" alt=\"\" class=\"wp-image-5869\" style=\"aspect-ratio:0.7500035597829956;width:514px;height:auto\"\/><\/figure>\n\n\n\n<figure class=\"wp-block-image size-large is-resized\"><img loading=\"lazy\" decoding=\"async\" width=\"900\" height=\"675\" src=\"https:\/\/www.anastasiapopescu.ro\/scoala\/wp-content\/uploads\/540769013_10041942635909983_3483967185427707095_n-900x675.jpg\" alt=\"\" class=\"wp-image-5870\" style=\"width:747px;height:auto\"\/><\/figure>\n\n\n\n<figure class=\"wp-block-image size-large is-resized\"><img loading=\"lazy\" decoding=\"async\" width=\"900\" height=\"675\" src=\"https:\/\/www.anastasiapopescu.ro\/scoala\/wp-content\/uploads\/541445983_10041940565910190_153903896434798813_n-900x675.jpg\" alt=\"\" class=\"wp-image-5871\" style=\"width:745px;height:auto\"\/><\/figure>\n\n\n\n<figure class=\"wp-block-image size-large is-resized\"><img loading=\"lazy\" decoding=\"async\" width=\"900\" height=\"675\" src=\"https:\/\/www.anastasiapopescu.ro\/scoala\/wp-content\/uploads\/541632623_10041943275909919_81543808957583096_n-900x675.jpg\" alt=\"\" class=\"wp-image-5872\" style=\"width:745px;height:auto\"\/><\/figure>\n\n\n\n<figure class=\"wp-block-image size-large is-resized\"><img loading=\"lazy\" decoding=\"async\" width=\"900\" height=\"675\" src=\"https:\/\/www.anastasiapopescu.ro\/scoala\/wp-content\/uploads\/540449042_10041943739243206_99248912685231177_n-900x675.jpg\" alt=\"\" class=\"wp-image-5873\" style=\"width:745px;height:auto\"\/><\/figure>\n\n\n\n<figure class=\"wp-block-image size-large is-resized\"><img loading=\"lazy\" decoding=\"async\" width=\"900\" height=\"675\" src=\"https:\/\/www.anastasiapopescu.ro\/scoala\/wp-content\/uploads\/542000222_10041944465909800_3283107416442607117_n-900x675.jpg\" alt=\"\" class=\"wp-image-5874\" style=\"width:749px;height:auto\"\/><\/figure>\n","protected":false},"excerpt":{"rendered":"<p>Dac\u0103 este septembrie \u0219i \u00eencepe \u0219coala, sigur ne \u00eent\u00e2lnim s\u0103 punem la cale anul care demareaz\u0103, cu planific\u0103ri, evalu\u0103ri, progresul fiec\u0103rui copil discutat \u0219i prognozat, prezentarea noilor colegi, tort f\u0103r\u0103 zah\u0103r dar cu dragoste, \u021binute \u00een culori potrivite \u201edin \u00eent\u00e2mplare\u201d, idei, idei, idei, proiecte, entuziasm \u0219i speran\u021be. Ne bucur\u0103m s\u0103 ne revedem cu to\u021bii, s\u0103 [&hellip;]<\/p>\n","protected":false},"author":7,"featured_media":5872,"comment_status":"open","ping_status":"open","sticky":false,"template":"","format":"standard","meta":{"_et_pb_use_builder":"","_et_pb_old_content":"","_et_gb_content_width":"","_crdt_document":"","footnotes":""},"categories":[8,9,10],"tags":[420],"class_list":["post-5832","post","type-post","status-publish","format-standard","has-post-thumbnail","hentry","category-anunturi","category-evenimente","category-prima-pagina","tag-liceul-pedagogic-anastasia-popescu-consiliu-profesoral"],"_links":{"self":[{"href":"https:\/\/www.anastasiapopescu.ro\/scoala\/wp-json\/wp\/v2\/posts\/5832","targetHints":{"allow":["GET"]}}],"collection":[{"href":"https:\/\/www.anastasiapopescu.ro\/scoala\/wp-json\/wp\/v2\/posts"}],"about":[{"href":"https:\/\/www.anastasiapopescu.ro\/scoala\/wp-json\/wp\/v2\/types\/post"}],"author":[{"embeddable":true,"href":"https:\/\/www.anastasiapopescu.ro\/scoala\/wp-json\/wp\/v2\/users\/7"}],"replies":[{"embeddable":true,"href":"https:\/\/www.anastasiapopescu.ro\/scoala\/wp-json\/wp\/v2\/comments?post=5832"}],"version-history":[{"count":2,"href":"https:\/\/www.anastasiapopescu.ro\/scoala\/wp-json\/wp\/v2\/posts\/5832\/revisions"}],"predecessor-version":[{"id":5876,"href":"https:\/\/www.anastasiapopescu.ro\/scoala\/wp-json\/wp\/v2\/posts\/5832\/revisions\/5876"}],"wp:featuredmedia":[{"embeddable":true,"href":"https:\/\/www.anastasiapopescu.ro\/scoala\/wp-json\/wp\/v2\/media\/5872"}],"wp:attachment":[{"href":"https:\/\/www.anastasiapopescu.ro\/scoala\/wp-json\/wp\/v2\/media?parent=5832"}],"wp:term":[{"taxonomy":"category","embeddable":true,"href":"https:\/\/www.anastasiapopescu.ro\/scoala\/wp-json\/wp\/v2\/categories?post=5832"},{"taxonomy":"post_tag","embeddable":true,"href":"https:\/\/www.anastasiapopescu.ro\/scoala\/wp-json\/wp\/v2\/tags?post=5832"}],"curies":[{"name":"wp","href":"https:\/\/api.w.org\/{rel}","templated":true}]}}