{"id":5693,"date":"2025-03-05T19:03:38","date_gmt":"2025-03-05T16:03:38","guid":{"rendered":"https:\/\/www.anastasiapopescu.ro\/scoala\/?p=5693"},"modified":"2025-03-05T19:03:42","modified_gmt":"2025-03-05T16:03:42","slug":"revista-universul-copiilor-de-martisor","status":"publish","type":"post","link":"https:\/\/www.anastasiapopescu.ro\/scoala\/revista-universul-copiilor-de-martisor\/","title":{"rendered":"Revista \u201dUniversul copiilor\u201d de M\u0103r\u021bi\u0219or"},"content":{"rendered":"\n<p class=\"wp-block-paragraph\">M\u0103r\u021bi\u0219or deosebit de citit \u0219i r\u0103sfoit! <\/p>\n\n\n\n<p class=\"wp-block-paragraph\">Toate evenimentele lunii februarie v\u0103 a\u0219teapt\u0103 s\u0103 le afla\u021bi \u0219i s\u0103 le admira\u021bi!<\/p>\n\n\n\n<p class=\"wp-block-paragraph\">O prim\u0103var\u0103 fericit\u0103, \u00eensorit\u0103,  plin\u0103 de succese \u0219colare \u00eenfloritoare!<\/p>\n\n\n\n<p class=\"wp-block-paragraph\">Deschide\u021bi m\u0103r\u021bi\u0219orul cu un click pe coperta de mai jos.<\/p>\n\n\n\n<p class=\"wp-block-paragraph\"><\/p>\n\n\n\n<figure class=\"wp-block-image size-full\"><a href=\"https:\/\/www.flipsnack.com\/o9revista\/revista-universul-copiilor-februarie-2025\/full-view.html?fbclid=IwY2xjawI1JixleHRuA2FlbQIxMQABHSWDSvDjTl9eRETz-wi2X2aOzqVT_C_Vp0Awu9I16rQp3C4iWJf3g876pw_aem_jyI4rTdyYuNDN5ZPsoLuuw\"><img loading=\"lazy\" decoding=\"async\" width=\"440\" height=\"620\" src=\"https:\/\/www.anastasiapopescu.ro\/scoala\/wp-content\/uploads\/Revista-feb2025-e1741186121645.png\" alt=\"\" class=\"wp-image-5694\"\/><\/a><\/figure>\n","protected":false},"excerpt":{"rendered":"<p>M\u0103r\u021bi\u0219or deosebit de citit \u0219i r\u0103sfoit! Toate evenimentele lunii februarie v\u0103 a\u0219teapt\u0103 s\u0103 le afla\u021bi \u0219i s\u0103 le admira\u021bi! O prim\u0103var\u0103 fericit\u0103, \u00eensorit\u0103, plin\u0103 de succese \u0219colare \u00eenfloritoare! Deschide\u021bi m\u0103r\u021bi\u0219orul cu un click pe coperta de mai jos.<\/p>\n","protected":false},"author":7,"featured_media":5695,"comment_status":"open","ping_status":"open","sticky":false,"template":"","format":"standard","meta":{"_et_pb_use_builder":"","_et_pb_old_content":"","_et_gb_content_width":"","_crdt_document":"","footnotes":""},"categories":[9,10,269],"tags":[14,267],"class_list":["post-5693","post","type-post","status-publish","format-standard","has-post-thumbnail","hentry","category-evenimente","category-prima-pagina","category-revista-universul-copiilor","tag-liceul-pedagogic-anastasia-popescu","tag-revista-universul-copiilor"],"_links":{"self":[{"href":"https:\/\/www.anastasiapopescu.ro\/scoala\/wp-json\/wp\/v2\/posts\/5693","targetHints":{"allow":["GET"]}}],"collection":[{"href":"https:\/\/www.anastasiapopescu.ro\/scoala\/wp-json\/wp\/v2\/posts"}],"about":[{"href":"https:\/\/www.anastasiapopescu.ro\/scoala\/wp-json\/wp\/v2\/types\/post"}],"author":[{"embeddable":true,"href":"https:\/\/www.anastasiapopescu.ro\/scoala\/wp-json\/wp\/v2\/users\/7"}],"replies":[{"embeddable":true,"href":"https:\/\/www.anastasiapopescu.ro\/scoala\/wp-json\/wp\/v2\/comments?post=5693"}],"version-history":[{"count":1,"href":"https:\/\/www.anastasiapopescu.ro\/scoala\/wp-json\/wp\/v2\/posts\/5693\/revisions"}],"predecessor-version":[{"id":5696,"href":"https:\/\/www.anastasiapopescu.ro\/scoala\/wp-json\/wp\/v2\/posts\/5693\/revisions\/5696"}],"wp:featuredmedia":[{"embeddable":true,"href":"https:\/\/www.anastasiapopescu.ro\/scoala\/wp-json\/wp\/v2\/media\/5695"}],"wp:attachment":[{"href":"https:\/\/www.anastasiapopescu.ro\/scoala\/wp-json\/wp\/v2\/media?parent=5693"}],"wp:term":[{"taxonomy":"category","embeddable":true,"href":"https:\/\/www.anastasiapopescu.ro\/scoala\/wp-json\/wp\/v2\/categories?post=5693"},{"taxonomy":"post_tag","embeddable":true,"href":"https:\/\/www.anastasiapopescu.ro\/scoala\/wp-json\/wp\/v2\/tags?post=5693"}],"curies":[{"name":"wp","href":"https:\/\/api.w.org\/{rel}","templated":true}]}}