{"id":5688,"date":"2025-02-04T19:59:06","date_gmt":"2025-02-04T16:59:06","guid":{"rendered":"https:\/\/www.anastasiapopescu.ro\/scoala\/?p=5688"},"modified":"2025-02-08T20:31:03","modified_gmt":"2025-02-08T17:31:03","slug":"universul-copiilor-primul-numar-din-2025","status":"publish","type":"post","link":"https:\/\/www.anastasiapopescu.ro\/scoala\/universul-copiilor-primul-numar-din-2025\/","title":{"rendered":"\u201dUniversul copiilor\u201d &#8211; primul num\u0103r din 2025"},"content":{"rendered":"\n<p class=\"wp-block-paragraph\">Primul num\u0103r al anului este, ca de obicei, dedicat \u00een mare parte lui Mihai Eminescu. Omagiul tradi\u021bional de la Ateneul Rom\u00e2n, lans\u0103ri de carte, vizitele altor licee, propriet\u0103\u021bile apei sfin\u021bite, hran\u0103 s\u0103n\u0103toas\u0103, astronomie, toate sunt subiecte oglindite \u00een paginile revistei. V\u0103 invt\u0103m s\u0103 le descoperi\u021bi cu un click pe coperta de mai jos.<\/p>\n\n\n\n<figure class=\"wp-block-image size-full\"><a href=\"https:\/\/www.flipsnack.com\/o9revista\/revista-universul-copiilor-ianuarie-2025\/full-view.html?fbclid=IwY2xjawIUYS1leHRuA2FlbQIxMQABHVakYbTs2WHtDohVTrIbnudUEZ04GcqnCAHxqHBd9A-UJ457VmeJM6IHfQ_aem_OmaWvBYgy1Ew21J0rtaeRA\"><img loading=\"lazy\" decoding=\"async\" width=\"379\" height=\"522\" src=\"https:\/\/www.anastasiapopescu.ro\/scoala\/wp-content\/uploads\/Revista-ian20225-e1739034051491.png\" alt=\"\" class=\"wp-image-5689\"\/><\/a><\/figure>\n","protected":false},"excerpt":{"rendered":"<p>Primul num\u0103r al anului este, ca de obicei, dedicat \u00een mare parte lui Mihai Eminescu. Omagiul tradi\u021bional de la Ateneul Rom\u00e2n, lans\u0103ri de carte, vizitele altor licee, propriet\u0103\u021bile apei sfin\u021bite, hran\u0103 s\u0103n\u0103toas\u0103, astronomie, toate sunt subiecte oglindite \u00een paginile revistei. V\u0103 invt\u0103m s\u0103 le descoperi\u021bi cu un click pe coperta de mai jos.<\/p>\n","protected":false},"author":7,"featured_media":5690,"comment_status":"open","ping_status":"open","sticky":false,"template":"","format":"standard","meta":{"_et_pb_use_builder":"","_et_pb_old_content":"","_et_gb_content_width":"","_crdt_document":"","footnotes":""},"categories":[9,10,269],"tags":[14,267],"class_list":["post-5688","post","type-post","status-publish","format-standard","has-post-thumbnail","hentry","category-evenimente","category-prima-pagina","category-revista-universul-copiilor","tag-liceul-pedagogic-anastasia-popescu","tag-revista-universul-copiilor"],"_links":{"self":[{"href":"https:\/\/www.anastasiapopescu.ro\/scoala\/wp-json\/wp\/v2\/posts\/5688","targetHints":{"allow":["GET"]}}],"collection":[{"href":"https:\/\/www.anastasiapopescu.ro\/scoala\/wp-json\/wp\/v2\/posts"}],"about":[{"href":"https:\/\/www.anastasiapopescu.ro\/scoala\/wp-json\/wp\/v2\/types\/post"}],"author":[{"embeddable":true,"href":"https:\/\/www.anastasiapopescu.ro\/scoala\/wp-json\/wp\/v2\/users\/7"}],"replies":[{"embeddable":true,"href":"https:\/\/www.anastasiapopescu.ro\/scoala\/wp-json\/wp\/v2\/comments?post=5688"}],"version-history":[{"count":1,"href":"https:\/\/www.anastasiapopescu.ro\/scoala\/wp-json\/wp\/v2\/posts\/5688\/revisions"}],"predecessor-version":[{"id":5691,"href":"https:\/\/www.anastasiapopescu.ro\/scoala\/wp-json\/wp\/v2\/posts\/5688\/revisions\/5691"}],"wp:featuredmedia":[{"embeddable":true,"href":"https:\/\/www.anastasiapopescu.ro\/scoala\/wp-json\/wp\/v2\/media\/5690"}],"wp:attachment":[{"href":"https:\/\/www.anastasiapopescu.ro\/scoala\/wp-json\/wp\/v2\/media?parent=5688"}],"wp:term":[{"taxonomy":"category","embeddable":true,"href":"https:\/\/www.anastasiapopescu.ro\/scoala\/wp-json\/wp\/v2\/categories?post=5688"},{"taxonomy":"post_tag","embeddable":true,"href":"https:\/\/www.anastasiapopescu.ro\/scoala\/wp-json\/wp\/v2\/tags?post=5688"}],"curies":[{"name":"wp","href":"https:\/\/api.w.org\/{rel}","templated":true}]}}