{"id":3814,"date":"2021-10-04T23:12:27","date_gmt":"2021-10-04T20:12:27","guid":{"rendered":"https:\/\/www.anastasiapopescu.ro\/scoala\/?p=3814"},"modified":"2021-10-05T10:43:42","modified_gmt":"2021-10-05T07:43:42","slug":"revista-universul-copiilor-la-inceput-de-an-scolar","status":"publish","type":"post","link":"https:\/\/www.anastasiapopescu.ro\/scoala\/revista-universul-copiilor-la-inceput-de-an-scolar\/","title":{"rendered":"Revista \u201dUniversul copiilor\u201d la \u00eenceput de an \u0219colar"},"content":{"rendered":"\n<p class=\"wp-block-paragraph\">Ce ner\u0103bd\u0103tori am fost, mai mult dec\u00e2t oric\u00e2nd, s\u0103 ne re\u00eent\u00e2lnim dup\u0103 aceast\u0103 vacan\u021b\u0103! Odat\u0103 cu \u00eenceperea noului an \u0219colar am re\u00eennodat prietenii, ne-am bucurat de \u00eent\u00e2lnirea cu profesorii no\u0219tri dragi \u0219i ne-am reluat  preocup\u0103rile care ne coloreaz\u0103 via\u021ba de elev. Iar una dintre cele mai interesante preocup\u0103ri este aceea de a nota \u00een paginile revistei noastre tot ceea ce se \u00eent\u00e2mpl\u0103 \u00een \u0219coal\u0103: expozi\u021bii, lans\u0103ri de carte, excursii revelatoare, recomand\u0103ri de lectur\u0103 sau de c\u0103l\u0103torie. <\/p>\n\n\n\n<p class=\"wp-block-paragraph\">Un an plin de succes tuturor, cu \u00eent\u00e2mpl\u0103ri frumoase \u0219i entuziasm creator!<\/p>\n\n\n\n<p class=\"wp-block-paragraph\">Revista poate fi citit\u0103 aici:<\/p>\n\n\n\n<p class=\"wp-block-paragraph\"><a href=\"https:\/\/www.flipsnack.com\/o9revista\/revista-universul-copiilor-septembrie-2021\/full-view.html\">Revista \u201dUniversul copiilor\u201d &#8211; num\u0103rul din luna septembrie 2021<\/a><\/p>\n\n\n\n<p class=\"wp-block-paragraph\"><\/p>\n\n\n\n<figure class=\"wp-block-image size-full\"><a href=\"https:\/\/www.flipsnack.com\/o9revista\/revista-universul-copiilor-septembrie-2021\/full-view.html\"><img loading=\"lazy\" decoding=\"async\" width=\"640\" height=\"810\" src=\"https:\/\/www.anastasiapopescu.ro\/scoala\/wp-content\/uploads\/revista-sept-p1.png\" alt=\"\" class=\"wp-image-3815\" srcset=\"https:\/\/www.anastasiapopescu.ro\/scoala\/wp-content\/uploads\/revista-sept-p1.png 640w, https:\/\/www.anastasiapopescu.ro\/scoala\/wp-content\/uploads\/revista-sept-p1-480x608.png 480w\" sizes=\"(min-width: 0px) and (max-width: 480px) 480px, (min-width: 481px) 640px, 100vw\" \/><\/a><\/figure>\n","protected":false},"excerpt":{"rendered":"<p>Ce ner\u0103bd\u0103tori am fost, mai mult dec\u00e2t oric\u00e2nd, s\u0103 ne re\u00eent\u00e2lnim dup\u0103 aceast\u0103 vacan\u021b\u0103! Odat\u0103 cu \u00eenceperea noului an \u0219colar am re\u00eennodat prietenii, ne-am bucurat de \u00eent\u00e2lnirea cu profesorii no\u0219tri dragi \u0219i ne-am reluat preocup\u0103rile care ne coloreaz\u0103 via\u021ba de elev. Iar una dintre cele mai interesante preocup\u0103ri este aceea de a nota \u00een paginile [&hellip;]<\/p>\n","protected":false},"author":2,"featured_media":3816,"comment_status":"open","ping_status":"open","sticky":false,"template":"","format":"standard","meta":{"_et_pb_use_builder":"","_et_pb_old_content":"","_et_gb_content_width":"","_crdt_document":"","footnotes":""},"categories":[9,269],"tags":[14,267],"class_list":["post-3814","post","type-post","status-publish","format-standard","has-post-thumbnail","hentry","category-evenimente","category-revista-universul-copiilor","tag-liceul-pedagogic-anastasia-popescu","tag-revista-universul-copiilor"],"_links":{"self":[{"href":"https:\/\/www.anastasiapopescu.ro\/scoala\/wp-json\/wp\/v2\/posts\/3814","targetHints":{"allow":["GET"]}}],"collection":[{"href":"https:\/\/www.anastasiapopescu.ro\/scoala\/wp-json\/wp\/v2\/posts"}],"about":[{"href":"https:\/\/www.anastasiapopescu.ro\/scoala\/wp-json\/wp\/v2\/types\/post"}],"author":[{"embeddable":true,"href":"https:\/\/www.anastasiapopescu.ro\/scoala\/wp-json\/wp\/v2\/users\/2"}],"replies":[{"embeddable":true,"href":"https:\/\/www.anastasiapopescu.ro\/scoala\/wp-json\/wp\/v2\/comments?post=3814"}],"version-history":[{"count":0,"href":"https:\/\/www.anastasiapopescu.ro\/scoala\/wp-json\/wp\/v2\/posts\/3814\/revisions"}],"wp:featuredmedia":[{"embeddable":true,"href":"https:\/\/www.anastasiapopescu.ro\/scoala\/wp-json\/wp\/v2\/media\/3816"}],"wp:attachment":[{"href":"https:\/\/www.anastasiapopescu.ro\/scoala\/wp-json\/wp\/v2\/media?parent=3814"}],"wp:term":[{"taxonomy":"category","embeddable":true,"href":"https:\/\/www.anastasiapopescu.ro\/scoala\/wp-json\/wp\/v2\/categories?post=3814"},{"taxonomy":"post_tag","embeddable":true,"href":"https:\/\/www.anastasiapopescu.ro\/scoala\/wp-json\/wp\/v2\/tags?post=3814"}],"curies":[{"name":"wp","href":"https:\/\/api.w.org\/{rel}","templated":true}]}}