{"id":3716,"date":"2021-08-30T16:47:00","date_gmt":"2021-08-30T13:47:00","guid":{"rendered":"https:\/\/www.anastasiapopescu.ro\/scoala\/?p=3716"},"modified":"2021-08-30T20:56:43","modified_gmt":"2021-08-30T17:56:43","slug":"revista-universul-copiilor-august-2021","status":"publish","type":"post","link":"https:\/\/www.anastasiapopescu.ro\/scoala\/revista-universul-copiilor-august-2021\/","title":{"rendered":"Revista \u201dUniversul copiilor\u201d &#8211; august 2021"},"content":{"rendered":"\n<p class=\"wp-block-paragraph\">La final de vacan\u021b\u0103, adun\u0103m cele mai frumoase amintiri din c\u0103l\u0103toriile noastre prin \u021bar\u0103, prin lumea \u00eentreag\u0103, dar \u0219i pe cele din timpul \u0218colii de Vacan\u021b\u0103 \u201dArc-en-Ciel Estival\u201d! Toate \u00eent\u00e2mpl\u0103rile \u0219i experien\u021bele din Tab\u0103ra Urban\u0103 sunt consemnate atent \u0219i ilustrate cu fotografii pline de culoare &#8211; \u00een revista noastr\u0103, revista \u201dUniversul copiilor\u201d. C\u0103l\u0103toriile imaginare realizate \u00eempreun\u0103,  colegi \u0219i profesori ai \u0218colii de Vacan\u021b\u0103, s-au combinat perfect cu vizitele \u0219i plimb\u0103rile la pas, prin Bucure\u0219ti: de pild\u0103, Muzeul de Art\u0103 Contemporan\u0103 ini\u021biat de criticul de art\u0103 Pavel \u0218u\u0219ar\u0103,  sau Muzeul Nicolae Minovici, au fost momente foarte interesante. <\/p>\n\n\n\n<p class=\"wp-block-paragraph\">De asemenea, v\u0103 \u00eemp\u0103rt\u0103\u0219im \u00een paginile revistei ce \u00eenc\u00e2nta\u021bi am fost de cursul maraton de teatru:  fantastic curs, sus\u021binut de dna Ivona Boitan, scriitor \u0219i regizor de teatru.<\/p>\n\n\n\n<p class=\"wp-block-paragraph\">Lectur\u0103 pl\u0103cut\u0103 \u0219i, desigur, vacan\u021b\u0103 frumoas\u0103 \u00een continuare! Abia a\u0219tept\u0103m s\u0103 ne revedem cu to\u021bii, cu entuziasmul unui nou \u00eenceput drum, de an \u0219colar!<\/p>\n\n\n\n<p class=\"wp-block-paragraph\">Revista se poate citi aici: <a href=\"https:\/\/www.flipsnack.com\/o9revista\/revista-universul-copiilor-iulie-august-2021\/full-view.html\">Revista \u201dUniversul copiilor\u201d<\/a> &#8211; august 2021<\/p>\n\n\n\n<p class=\"wp-block-paragraph\"><\/p>\n","protected":false},"excerpt":{"rendered":"<p>La final de vacan\u021b\u0103, adun\u0103m cele mai frumoase amintiri din c\u0103l\u0103toriile noastre prin \u021bar\u0103, prin lumea \u00eentreag\u0103, dar \u0219i pe cele din timpul \u0218colii de Vacan\u021b\u0103 \u201dArc-en-Ciel Estival\u201d! Toate \u00eent\u00e2mpl\u0103rile \u0219i experien\u021bele din Tab\u0103ra Urban\u0103 sunt consemnate atent \u0219i ilustrate cu fotografii pline de culoare &#8211; \u00een revista noastr\u0103, revista \u201dUniversul copiilor\u201d. C\u0103l\u0103toriile imaginare realizate [&hellip;]<\/p>\n","protected":false},"author":2,"featured_media":3717,"comment_status":"open","ping_status":"open","sticky":false,"template":"","format":"standard","meta":{"_et_pb_use_builder":"","_et_pb_old_content":"","_et_gb_content_width":"","_crdt_document":"","footnotes":""},"categories":[9,269],"tags":[159,267,160],"class_list":["post-3716","post","type-post","status-publish","format-standard","has-post-thumbnail","hentry","category-evenimente","category-revista-universul-copiilor","tag-arc-en-ciel-estival","tag-revista-universul-copiilor","tag-scoala-de-vara"],"_links":{"self":[{"href":"https:\/\/www.anastasiapopescu.ro\/scoala\/wp-json\/wp\/v2\/posts\/3716","targetHints":{"allow":["GET"]}}],"collection":[{"href":"https:\/\/www.anastasiapopescu.ro\/scoala\/wp-json\/wp\/v2\/posts"}],"about":[{"href":"https:\/\/www.anastasiapopescu.ro\/scoala\/wp-json\/wp\/v2\/types\/post"}],"author":[{"embeddable":true,"href":"https:\/\/www.anastasiapopescu.ro\/scoala\/wp-json\/wp\/v2\/users\/2"}],"replies":[{"embeddable":true,"href":"https:\/\/www.anastasiapopescu.ro\/scoala\/wp-json\/wp\/v2\/comments?post=3716"}],"version-history":[{"count":0,"href":"https:\/\/www.anastasiapopescu.ro\/scoala\/wp-json\/wp\/v2\/posts\/3716\/revisions"}],"wp:featuredmedia":[{"embeddable":true,"href":"https:\/\/www.anastasiapopescu.ro\/scoala\/wp-json\/wp\/v2\/media\/3717"}],"wp:attachment":[{"href":"https:\/\/www.anastasiapopescu.ro\/scoala\/wp-json\/wp\/v2\/media?parent=3716"}],"wp:term":[{"taxonomy":"category","embeddable":true,"href":"https:\/\/www.anastasiapopescu.ro\/scoala\/wp-json\/wp\/v2\/categories?post=3716"},{"taxonomy":"post_tag","embeddable":true,"href":"https:\/\/www.anastasiapopescu.ro\/scoala\/wp-json\/wp\/v2\/tags?post=3716"}],"curies":[{"name":"wp","href":"https:\/\/api.w.org\/{rel}","templated":true}]}}