{"id":3568,"date":"2021-06-02T23:18:00","date_gmt":"2021-06-02T20:18:00","guid":{"rendered":"https:\/\/www.anastasiapopescu.ro\/scoala\/?p=3568"},"modified":"2021-06-04T21:37:42","modified_gmt":"2021-06-04T18:37:42","slug":"revista-universul-copiilor-numarul-lunii-mai","status":"publish","type":"post","link":"https:\/\/www.anastasiapopescu.ro\/scoala\/revista-universul-copiilor-numarul-lunii-mai\/","title":{"rendered":"Revista \u201dUniversul copiilor\u201d &#8211; num\u0103rul lunii mai"},"content":{"rendered":"\n<p class=\"wp-block-paragraph\">Dragii no\u0219tri, un nou num\u0103r al revistei \u201dUniversul copiilor\u201d v\u0103 a\u0219teapt\u0103! Prim\u0103vara s-a \u00eencheiat, vine vara \u0219i ne preg\u0103tim s\u0103 \u00eencheiem anul \u0219colar: rememor\u0103m cele mai frumoase momente, realiz\u0103rile deosebite \u0219i emo\u021biile care ne-au unit \u00een aceast\u0103 minunat\u0103, unic\u0103 familie: Liceul Pedagogic Ortodox \u201dAnastasia Popescu\u201d! De aceea, acest num\u0103r este unul festiv, dedicat claselor a IV-a, a VIII-a \u0219i a XII-a, promo\u021bia 2020-2021. Suntem cu to\u021bii aici, gata s\u0103 v\u0103 povestim ce amintiri pre\u021bioase p\u0103str\u0103m \u00een sufletul nostru din ace\u0219ti ani \u00een care am fost \u00eempreun\u0103 \u0219i ce idealuri ne \u00eensufle\u021besc pe drumurile noi ce se deschid. <\/p>\n\n\n\n<p class=\"wp-block-paragraph\">Pute\u021bi r\u0103sfoi revista noastr\u0103, pagin\u0103 cu pagin\u0103, amintire cu amintire, aici: <a href=\"https:\/\/www.flipsnack.com\/o9revista\/revista-universul-copiilor-numar-festiv-promotia-2020-2021.html\">Revista \u201dUniversul copiilor\u201d &#8211; mai 2021<\/a><\/p>\n","protected":false},"excerpt":{"rendered":"<p>Dragii no\u0219tri, un nou num\u0103r al revistei \u201dUniversul copiilor\u201d v\u0103 a\u0219teapt\u0103! Prim\u0103vara s-a \u00eencheiat, vine vara \u0219i ne preg\u0103tim s\u0103 \u00eencheiem anul \u0219colar: rememor\u0103m cele mai frumoase momente, realiz\u0103rile deosebite \u0219i emo\u021biile care ne-au unit \u00een aceast\u0103 minunat\u0103, unic\u0103 familie: Liceul Pedagogic Ortodox \u201dAnastasia Popescu\u201d! De aceea, acest num\u0103r este unul festiv, dedicat claselor a [&hellip;]<\/p>\n","protected":false},"author":2,"featured_media":3569,"comment_status":"open","ping_status":"open","sticky":false,"template":"","format":"standard","meta":{"_et_pb_use_builder":"","_et_pb_old_content":"","_et_gb_content_width":"","_crdt_document":"","footnotes":""},"categories":[9,269],"tags":[14,267],"class_list":["post-3568","post","type-post","status-publish","format-standard","has-post-thumbnail","hentry","category-evenimente","category-revista-universul-copiilor","tag-liceul-pedagogic-anastasia-popescu","tag-revista-universul-copiilor"],"_links":{"self":[{"href":"https:\/\/www.anastasiapopescu.ro\/scoala\/wp-json\/wp\/v2\/posts\/3568","targetHints":{"allow":["GET"]}}],"collection":[{"href":"https:\/\/www.anastasiapopescu.ro\/scoala\/wp-json\/wp\/v2\/posts"}],"about":[{"href":"https:\/\/www.anastasiapopescu.ro\/scoala\/wp-json\/wp\/v2\/types\/post"}],"author":[{"embeddable":true,"href":"https:\/\/www.anastasiapopescu.ro\/scoala\/wp-json\/wp\/v2\/users\/2"}],"replies":[{"embeddable":true,"href":"https:\/\/www.anastasiapopescu.ro\/scoala\/wp-json\/wp\/v2\/comments?post=3568"}],"version-history":[{"count":0,"href":"https:\/\/www.anastasiapopescu.ro\/scoala\/wp-json\/wp\/v2\/posts\/3568\/revisions"}],"wp:featuredmedia":[{"embeddable":true,"href":"https:\/\/www.anastasiapopescu.ro\/scoala\/wp-json\/wp\/v2\/media\/3569"}],"wp:attachment":[{"href":"https:\/\/www.anastasiapopescu.ro\/scoala\/wp-json\/wp\/v2\/media?parent=3568"}],"wp:term":[{"taxonomy":"category","embeddable":true,"href":"https:\/\/www.anastasiapopescu.ro\/scoala\/wp-json\/wp\/v2\/categories?post=3568"},{"taxonomy":"post_tag","embeddable":true,"href":"https:\/\/www.anastasiapopescu.ro\/scoala\/wp-json\/wp\/v2\/tags?post=3568"}],"curies":[{"name":"wp","href":"https:\/\/api.w.org\/{rel}","templated":true}]}}