{"id":3519,"date":"2021-05-19T17:11:00","date_gmt":"2021-05-19T14:11:00","guid":{"rendered":"https:\/\/www.anastasiapopescu.ro\/scoala\/?p=3519"},"modified":"2021-05-20T19:49:40","modified_gmt":"2021-05-20T16:49:40","slug":"sustineti-activitatea-liceului-directionand-35-din-impozitul-anual","status":"publish","type":"post","link":"https:\/\/www.anastasiapopescu.ro\/scoala\/sustineti-activitatea-liceului-directionand-35-din-impozitul-anual\/","title":{"rendered":"Sus\u021bine\u021bi activitatea Liceului direc\u021bion\u00e2nd 3,5{458d73bd7cb12a9d2a29f33612bf26f3b2cc5a2cb29e99bb71206d185939d4d2} din impozitul anual"},"content":{"rendered":"\n<p class=\"wp-block-paragraph\">Dragi p\u0103rin\u021bi, dragi prieteni ai Gr\u0103dini\u021belor \u201eArc-en-Ciel\u201d \u0219i ai Liceului Pedagogic \u201eAnastasia Popescu\u201d,<\/p>\n\n\n\n<p class=\"wp-block-paragraph\">Ca \u0219i \u00een anii trecu\u021bi, exist\u0103 posibilitatea sus\u021binerii activit\u0103\u021bilor \u0219colii prin direc\u021bionarea a&nbsp;3,5{458d73bd7cb12a9d2a29f33612bf26f3b2cc5a2cb29e99bb71206d185939d4d2} din impozitul pe venit,&nbsp;c\u0103tre&nbsp;una dintre asocia\u021biile&nbsp;noastre \u2013 Asocia\u021bia \u201cGr\u0103dini\u021bele Arc-en-Ciel\u201d.<\/p>\n\n\n\n<p class=\"wp-block-paragraph\">\u00cen cazul \u00een care dori\u021bi s\u0103&nbsp;sprijini\u021bi activitatea \u0219colii,&nbsp;v\u0103 rug\u0103m s\u0103 completa\u021bi&nbsp;declara\u021bia&nbsp;ata\u0219at\u0103 \u0219i s\u0103 o&nbsp;transmite\u021bi prin e-mail p\u00e2n\u0103&nbsp;cel t\u00e2rziu&nbsp;la data de&nbsp;<strong>24.05.2021<\/strong>.<\/p>\n\n\n\n<p class=\"wp-block-paragraph\"><strong>Preciz\u0103ri:<\/strong><br>&nbsp;1.&nbsp;Redirec\u021bionarea unei p\u0103r\u021bi din impozitele deja achitate c\u0103tre stat nu presupune un cost suplimentar \u2013 \u00een cazul \u00een care un contribuabil nu alege nicio organiza\u021bie non-profit pe care dore\u0219te s\u0103 o sus\u021bin\u0103, suma 3,5{458d73bd7cb12a9d2a29f33612bf26f3b2cc5a2cb29e99bb71206d185939d4d2} din impozitul aferent anului fiscal 2020 va r\u0103m\u00e2ne \u00een administrarea statului.<br>2.<strong>&nbsp;Suma reprezent\u00e2nd procentele \u00een cauz\u0103 va fi calculat\u0103 automat.<\/strong><\/p>\n\n\n\n<p class=\"wp-block-paragraph\">Pentru orice l\u0103muriri suplimentare sau pentru suport \u00een completarea declara\u021biei, v\u0103 rug\u0103m s\u0103 apela\u021bi num\u0103rul de telefon 0725 072 072.<\/p>\n\n\n\n<p class=\"wp-block-paragraph\">V\u0103 mul\u021bumim pentru sprijinul dumneavoastr\u0103 constant, \u00een efortul comun dedicat copiilor no\u0219tri!<\/p>\n\n\n\n<div class=\"wp-block-file\"><a href=\"https:\/\/www.anastasiapopescu.ro\/scoala\/wp-content\/uploads\/Declaratia-230_fillable.pdf\">Declara\u021bia 230<\/a><a href=\"https:\/\/www.anastasiapopescu.ro\/scoala\/wp-content\/uploads\/Declaratia-230_fillable.pdf\" class=\"wp-block-file__button\" download>Descarc\u0103<\/a><\/div>\n\n\n\n<p class=\"wp-block-paragraph\"><\/p>\n","protected":false},"excerpt":{"rendered":"<p>Dragi p\u0103rin\u021bi, dragi prieteni ai Gr\u0103dini\u021belor \u201eArc-en-Ciel\u201d \u0219i ai Liceului Pedagogic \u201eAnastasia Popescu\u201d, Ca \u0219i \u00een anii trecu\u021bi, exist\u0103 posibilitatea sus\u021binerii activit\u0103\u021bilor \u0219colii prin direc\u021bionarea a&nbsp;3,5{458d73bd7cb12a9d2a29f33612bf26f3b2cc5a2cb29e99bb71206d185939d4d2} din impozitul pe venit,&nbsp;c\u0103tre&nbsp;una dintre asocia\u021biile&nbsp;noastre \u2013 Asocia\u021bia \u201cGr\u0103dini\u021bele Arc-en-Ciel\u201d. \u00cen cazul \u00een care dori\u021bi s\u0103&nbsp;sprijini\u021bi activitatea \u0219colii,&nbsp;v\u0103 rug\u0103m s\u0103 completa\u021bi&nbsp;declara\u021bia&nbsp;ata\u0219at\u0103 \u0219i s\u0103 o&nbsp;transmite\u021bi prin e-mail p\u00e2n\u0103&nbsp;cel t\u00e2rziu&nbsp;la data [&hellip;]<\/p>\n","protected":false},"author":2,"featured_media":3522,"comment_status":"open","ping_status":"open","sticky":false,"template":"","format":"standard","meta":{"_et_pb_use_builder":"","_et_pb_old_content":"","_et_gb_content_width":"","_crdt_document":"","footnotes":""},"categories":[8,9,10],"tags":[90,296,14],"class_list":["post-3519","post","type-post","status-publish","format-standard","has-post-thumbnail","hentry","category-anunturi","category-evenimente","category-prima-pagina","tag-declaratia-230","tag-impozit-anual","tag-liceul-pedagogic-anastasia-popescu"],"_links":{"self":[{"href":"https:\/\/www.anastasiapopescu.ro\/scoala\/wp-json\/wp\/v2\/posts\/3519","targetHints":{"allow":["GET"]}}],"collection":[{"href":"https:\/\/www.anastasiapopescu.ro\/scoala\/wp-json\/wp\/v2\/posts"}],"about":[{"href":"https:\/\/www.anastasiapopescu.ro\/scoala\/wp-json\/wp\/v2\/types\/post"}],"author":[{"embeddable":true,"href":"https:\/\/www.anastasiapopescu.ro\/scoala\/wp-json\/wp\/v2\/users\/2"}],"replies":[{"embeddable":true,"href":"https:\/\/www.anastasiapopescu.ro\/scoala\/wp-json\/wp\/v2\/comments?post=3519"}],"version-history":[{"count":0,"href":"https:\/\/www.anastasiapopescu.ro\/scoala\/wp-json\/wp\/v2\/posts\/3519\/revisions"}],"wp:featuredmedia":[{"embeddable":true,"href":"https:\/\/www.anastasiapopescu.ro\/scoala\/wp-json\/wp\/v2\/media\/3522"}],"wp:attachment":[{"href":"https:\/\/www.anastasiapopescu.ro\/scoala\/wp-json\/wp\/v2\/media?parent=3519"}],"wp:term":[{"taxonomy":"category","embeddable":true,"href":"https:\/\/www.anastasiapopescu.ro\/scoala\/wp-json\/wp\/v2\/categories?post=3519"},{"taxonomy":"post_tag","embeddable":true,"href":"https:\/\/www.anastasiapopescu.ro\/scoala\/wp-json\/wp\/v2\/tags?post=3519"}],"curies":[{"name":"wp","href":"https:\/\/api.w.org\/{rel}","templated":true}]}}