{"id":1199,"date":"2019-01-30T18:25:57","date_gmt":"2019-01-30T15:25:57","guid":{"rendered":"https:\/\/www.anastasiapopescu.ro\/scoala\/?p=1199"},"modified":"2019-03-14T17:53:39","modified_gmt":"2019-03-14T14:53:39","slug":"nu-se-mai-primesc-inscrieri-pentru-clasele-pregatitoare-si-i-viii","status":"publish","type":"post","link":"https:\/\/www.anastasiapopescu.ro\/scoala\/nu-se-mai-primesc-inscrieri-pentru-clasele-pregatitoare-si-i-viii\/","title":{"rendered":"Nu se mai primesc \u00eenscrieri pentru clasele preg\u0103titoare \u0219i I &#8211; VIII"},"content":{"rendered":"\n<p class=\"wp-block-paragraph\"><\/p>\n\n\n\n<p class=\"wp-block-paragraph\">Ca urmare a ocup\u0103rii tuturor locurilor disponibile pentru clasele I &#8211; VIII \u0219i pentru clasa preg\u0103titoare, Liceul Pedagogic &#8222;Anastasia Popescu&#8221; nu mai prime\u0219te solicit\u0103ri pentru \u00eenscrierea copiilor \u00een clasele respective, \u00een anul \u0219colar 2019 &#8211; 2020.  Se primesc \u00een continuare \u00eenscrieri numai pentru clasele de liceu \u0219i pentru gr\u0103dini\u021b\u0103.<\/p>\n\n\n\n<p class=\"wp-block-paragraph\"><\/p>\n","protected":false},"excerpt":{"rendered":"<p>Ca urmare a ocup\u0103rii tuturor locurilor disponibile pentru clasele I &#8211; VIII \u0219i pentru clasa preg\u0103titoare, Liceul Pedagogic &#8222;Anastasia Popescu&#8221; nu mai prime\u0219te solicit\u0103ri pentru \u00eenscrierea copiilor \u00een clasele respective, \u00een anul \u0219colar 2019 &#8211; 2020. Se primesc \u00een continuare \u00eenscrieri numai pentru clasele de liceu \u0219i pentru gr\u0103dini\u021b\u0103.<\/p>\n","protected":false},"author":2,"featured_media":1203,"comment_status":"open","ping_status":"open","sticky":false,"template":"","format":"standard","meta":{"_et_pb_use_builder":"off","_et_pb_old_content":"","_et_gb_content_width":"","_crdt_document":"","footnotes":""},"categories":[8,10],"tags":[19,18,14],"class_list":["post-1199","post","type-post","status-publish","format-standard","has-post-thumbnail","hentry","category-anunturi","category-prima-pagina","tag-inscrieri-liceu","tag-inscrieri-scoala","tag-liceul-pedagogic-anastasia-popescu"],"_links":{"self":[{"href":"https:\/\/www.anastasiapopescu.ro\/scoala\/wp-json\/wp\/v2\/posts\/1199","targetHints":{"allow":["GET"]}}],"collection":[{"href":"https:\/\/www.anastasiapopescu.ro\/scoala\/wp-json\/wp\/v2\/posts"}],"about":[{"href":"https:\/\/www.anastasiapopescu.ro\/scoala\/wp-json\/wp\/v2\/types\/post"}],"author":[{"embeddable":true,"href":"https:\/\/www.anastasiapopescu.ro\/scoala\/wp-json\/wp\/v2\/users\/2"}],"replies":[{"embeddable":true,"href":"https:\/\/www.anastasiapopescu.ro\/scoala\/wp-json\/wp\/v2\/comments?post=1199"}],"version-history":[{"count":0,"href":"https:\/\/www.anastasiapopescu.ro\/scoala\/wp-json\/wp\/v2\/posts\/1199\/revisions"}],"wp:featuredmedia":[{"embeddable":true,"href":"https:\/\/www.anastasiapopescu.ro\/scoala\/wp-json\/wp\/v2\/media\/1203"}],"wp:attachment":[{"href":"https:\/\/www.anastasiapopescu.ro\/scoala\/wp-json\/wp\/v2\/media?parent=1199"}],"wp:term":[{"taxonomy":"category","embeddable":true,"href":"https:\/\/www.anastasiapopescu.ro\/scoala\/wp-json\/wp\/v2\/categories?post=1199"},{"taxonomy":"post_tag","embeddable":true,"href":"https:\/\/www.anastasiapopescu.ro\/scoala\/wp-json\/wp\/v2\/tags?post=1199"}],"curies":[{"name":"wp","href":"https:\/\/api.w.org\/{rel}","templated":true}]}}