{"id":7815,"date":"2026-09-04T13:02:13","date_gmt":"2026-09-04T10:02:13","guid":{"rendered":"https:\/\/www.anastasiapopescu.ro\/liceu\/?p=7815"},"modified":"2026-09-04T13:02:21","modified_gmt":"2026-09-04T10:02:21","slug":"dialog-poetic-la-liceul-anastasia-popescu","status":"publish","type":"post","link":"https:\/\/www.anastasiapopescu.ro\/liceu\/dialog-poetic-la-liceul-anastasia-popescu\/","title":{"rendered":"Dialog poetic la Liceul \u201eAnastasia Popescu\u201d"},"content":{"rendered":"\n<p class=\"wp-block-paragraph\">Un articol de:\u00a0<a href=\"https:\/\/ziarullumina.ro\/autor\/monica-serbanescu.html\">Monica \u0218erb\u0103nescu<\/a>\u00a0&#8211;\u00a004 Septembrie 2026 &#8211; preluat de pe site-ul <a href=\"https:\/\/ziarullumina.ro\/educatie-si-cultura\/cultura\/dialog-poetic-la-liceul-anastasia-popescu-208902.html?fbclid=IwY2xjawUHc11wZG9mAWV4dG4DYWVtAjExAGJyaWQRMFowVlBMVG41RkxEYWh1bVhzcnRjBmFwcF9pZBAyMjIwMzkxNzg4MjAwODkyAAEe4QDnHQkZTlvWuCqswaCZBSTvQ6t7R66KXQ4NY6Ry_duwxO1JH8SPBy_y2xQ_aem_voUfTkPf5hAXLo9ur4o33g\">Ziarul LUMINA <\/a><\/p>\n\n\n\n<figure class=\"wp-block-image size-large\"><img loading=\"lazy\" decoding=\"async\" width=\"900\" height=\"600\" src=\"https:\/\/www.anastasiapopescu.ro\/liceu\/wp-content\/uploads\/2026\/09\/dialog-poetic-la-liceul-anastasia-popescu-372840-900x600.jpg\" alt=\"\" class=\"wp-image-7818\"\/><\/figure>\n\n\n\n<figure class=\"wp-block-gallery has-nested-images columns-default is-cropped wp-block-gallery-1 is-layout-flex wp-block-gallery-is-layout-flex\">\n<figure class=\"wp-block-image size-large\"><img loading=\"lazy\" decoding=\"async\" width=\"900\" height=\"600\" data-id=\"7816\" src=\"https:\/\/www.anastasiapopescu.ro\/liceu\/wp-content\/uploads\/2026\/09\/dialog-poetic-la-liceul-anastasia-popescu-372841-900x600.jpg\" alt=\"\" class=\"wp-image-7816\"\/><\/figure>\n\n\n\n<figure class=\"wp-block-image size-medium\"><img loading=\"lazy\" decoding=\"async\" width=\"213\" height=\"320\" data-id=\"7819\" src=\"https:\/\/www.anastasiapopescu.ro\/liceu\/wp-content\/uploads\/2026\/09\/dialog-poetic-la-liceul-anastasia-popescu-372843-213x320.jpg\" alt=\"\" class=\"wp-image-7819\"\/><\/figure>\n<\/figure>\n\n\n\n<figure class=\"wp-block-image size-large\"><img loading=\"lazy\" decoding=\"async\" width=\"900\" height=\"600\" src=\"https:\/\/www.anastasiapopescu.ro\/liceu\/wp-content\/uploads\/2026\/09\/dialog-poetic-la-liceul-anastasia-popescu-372842-900x600.jpg\" alt=\"\" class=\"wp-image-7817\"\/><\/figure>\n\n\n\n<p class=\"wp-block-paragraph\"><\/p>\n\n\n\n<p class=\"wp-block-paragraph\">Sala de festivit\u0103\u021bi a Liceului Pedagogic Ortodox \u201eAnastasia Popescu\u201d din Bucure\u015fti a fost plin\u0103 ochi de copii, elevi \u00eentre 10 \u0219i 18 ani, care nu au pregetat s\u0103 r\u0103spund\u0103 invita\u021biei de a \u201epune \u00eenceput bun\u201d acestui an \u0219colar \u0219i de a s\u0103rb\u0103tori Limba Rom\u00e2n\u0103, \u00een 31 august 2026, ziua ce i s-a dedicat prin lege, acum mai bine de 10 ani. Invita\u021bii au fost actri\u021ba Magda Catone \u0219i copilul, cunoscut deja pentru talentul s\u0103u de recitator, Rare\u0219 Prisacariu, care au construit \u00eempreun\u0103 un dialog poetic, cu muzic\u0103, al\u0103turi de pianistul Petru Cioac\u0103.<\/p>\n\n\n\n<p class=\"wp-block-paragraph\">Rare\u0219 a d\u0103ruit colegilor s\u0103i mai mari sau de o v\u00e2rst\u0103 cu el o or\u0103 de poezie curat\u0103, \u00eentr-o rostire frumoas\u0103, \u00een\u021beleapt\u0103 \u0219i, \u00een acela\u0219i timp, categoric\u0103. A\u0219a cum a spus Rare\u0219 \u00een debutul \u00eent\u00e2lnirii, \u201epoeziile m\u0103 \u0219tiu pe mine\u201d, \u015fi nu a f\u0103cut dec\u00e2t s\u0103 le \u201eaduc\u0103 la Lumin\u0103\u201d. Actri\u021ba Magda Catone, contaminat\u0103 de duhul poetic, a afirmat: \u201eVai ce bine m\u0103 simt. Am at\u00e2ta poezie \u00een mine, \u00eenc\u00e2t pot s\u0103 dau la toat\u0103 lumea!\u201d Sprijinit de interven\u021biile partenerei de scen\u0103 \u0219i m\u00e2ng\u00e2iat de acordurile pianului, verbul lui Rare\u015f i-a adus pe to\u021bi la acela\u0219i numitor &#8211; cel al poeziei, l\u0103s\u00e2nd sentimentul c\u0103 \u0219tiutorului de limb\u0103 rom\u00e2n\u0103 \u00eei este dat\u0103 \u0219i cheia poeziei, care poate deschide toate poemele, de la \u201eMiori\u021ba\u201d la \u201eLec\u021bia de zbor\u201d a lui Nichita St\u0103nescu.&nbsp;<\/p>\n\n\n\n<p class=\"wp-block-paragraph\">Copiii au urm\u0103rit cu sufletul la gur\u0103 dialogul poetic alert \u0219i plin de savoare, unde puteau fi recunoscu\u021bi Mihai Eminescu, Marin Sorescu, Magda Isanos, \u0219i care s-a \u00eencheiat, surprinz\u0103tor, cu versurile pe care ei le cunosc foarte bine, reprezent\u00e2nd chiar imnul liceului: Cr\u0103ias\u0103 aleg\u00e2ndu-te\/ \u00cengenunchem rug\u00e2n\u00addu-te,\/ \u00cenal\u021b\u0103-ne, ne m\u00e2ntuie\/ Din valul ce ne b\u00e2ntuie\u2026, versurile poemului \u201eRug\u0103ciune\u201d de Mihai Eminescu. Copiii au intrat \u00een noul an bisericesc \u0219i vor intra \u015fi \u00een cel \u0219colar, duc\u00e2nd \u00een suflet \u201epatria de cuvinte\u201d \u00een care au p\u0103\u0219it de Ziua Limbii Rom\u00e2ne!<\/p>\n","protected":false},"excerpt":{"rendered":"<p>Un articol de:\u00a0Monica \u0218erb\u0103nescu\u00a0&#8211;\u00a004 Septembrie 2026 &#8211; preluat de pe site-ul Ziarul LUMINA Sala de festivit\u0103\u021bi a Liceului Pedagogic Ortodox \u201eAnastasia Popescu\u201d din Bucure\u015fti a fost plin\u0103 ochi de copii, elevi \u00eentre 10 \u0219i 18 ani, care nu au pregetat s\u0103 r\u0103spund\u0103 invita\u021biei de a \u201epune \u00eenceput bun\u201d acestui an \u0219colar \u0219i de a s\u0103rb\u0103tori [&hellip;]<\/p>\n","protected":false},"author":5,"featured_media":7818,"comment_status":"open","ping_status":"open","sticky":false,"template":"","format":"standard","meta":{"_et_pb_use_builder":"","_et_pb_old_content":"","_et_gb_content_width":"","footnotes":""},"categories":[7,4,9],"tags":[10,205,246],"class_list":["post-7815","post","type-post","status-publish","format-standard","has-post-thumbnail","hentry","category-anunturi","category-evenimente","category-prima-pagina","tag-liceul-pedagogic-anastasia-popescu","tag-ziarul-lumina","tag-ziua-limbii-romane"],"_links":{"self":[{"href":"https:\/\/www.anastasiapopescu.ro\/liceu\/wp-json\/wp\/v2\/posts\/7815","targetHints":{"allow":["GET"]}}],"collection":[{"href":"https:\/\/www.anastasiapopescu.ro\/liceu\/wp-json\/wp\/v2\/posts"}],"about":[{"href":"https:\/\/www.anastasiapopescu.ro\/liceu\/wp-json\/wp\/v2\/types\/post"}],"author":[{"embeddable":true,"href":"https:\/\/www.anastasiapopescu.ro\/liceu\/wp-json\/wp\/v2\/users\/5"}],"replies":[{"embeddable":true,"href":"https:\/\/www.anastasiapopescu.ro\/liceu\/wp-json\/wp\/v2\/comments?post=7815"}],"version-history":[{"count":1,"href":"https:\/\/www.anastasiapopescu.ro\/liceu\/wp-json\/wp\/v2\/posts\/7815\/revisions"}],"predecessor-version":[{"id":7820,"href":"https:\/\/www.anastasiapopescu.ro\/liceu\/wp-json\/wp\/v2\/posts\/7815\/revisions\/7820"}],"wp:featuredmedia":[{"embeddable":true,"href":"https:\/\/www.anastasiapopescu.ro\/liceu\/wp-json\/wp\/v2\/media\/7818"}],"wp:attachment":[{"href":"https:\/\/www.anastasiapopescu.ro\/liceu\/wp-json\/wp\/v2\/media?parent=7815"}],"wp:term":[{"taxonomy":"category","embeddable":true,"href":"https:\/\/www.anastasiapopescu.ro\/liceu\/wp-json\/wp\/v2\/categories?post=7815"},{"taxonomy":"post_tag","embeddable":true,"href":"https:\/\/www.anastasiapopescu.ro\/liceu\/wp-json\/wp\/v2\/tags?post=7815"}],"curies":[{"name":"wp","href":"https:\/\/api.w.org\/{rel}","templated":true}]}}