{"id":7809,"date":"2026-09-02T01:03:16","date_gmt":"2026-09-01T22:03:16","guid":{"rendered":"https:\/\/www.anastasiapopescu.ro\/liceu\/?p=7809"},"modified":"2026-09-02T01:03:24","modified_gmt":"2026-09-01T22:03:24","slug":"sub-coordonarea-priceputelor-artiste-profesoarele-roxana-maria-cioata-si-sarah-olteanu-liceenii-s-au-inarmat-cu-foarfeci-si-rabdare-nu-neaparat-in-aceasta-ordine-si-s-au-pus-pe-decupat-decorat-si","status":"publish","type":"post","link":"https:\/\/www.anastasiapopescu.ro\/liceu\/sub-coordonarea-priceputelor-artiste-profesoarele-roxana-maria-cioata-si-sarah-olteanu-liceenii-s-au-inarmat-cu-foarfeci-si-rabdare-nu-neaparat-in-aceasta-ordine-si-s-au-pus-pe-decupat-decorat-si\/","title":{"rendered":"Sub coordonarea priceputelor artiste, profesoarele Roxana-Maria Cioat\u0103 \u0219i Sarah Olteanu, liceenii s-au \u00eenarmat cu foarfeci \u0219i r\u0103bdare, nu neap\u0103rat \u00een aceast\u0103 ordine, \u0219i s-au pus pe decupat, decorat \u0219i lipit, nu neap\u0103rat \u00een aceast\u0103 ordine, iar la final au admirat \u0219i s-au bucurat, exact \u00een aceast\u0103 ordine."},"content":{"rendered":"\n<p class=\"wp-block-paragraph\">De rezultatul muncii lor vor beneficia cei mici, de la clasa preg\u0103titoare, care vor avea o sal\u0103 de &#8222;loisir&#8221;, s\u0103-i zicem joac\u0103, astfel \u00eenc\u00e2t trecerea de la gr\u0103dini\u021b\u0103 la \u0219coal\u0103 s\u0103 fie c\u00e2t mai lin\u0103, senin\u0103 \u0219i plin\u0103 de lumin\u0103!<\/p>\n\n\n\n<figure class=\"wp-block-image size-large is-resized\"><img loading=\"lazy\" decoding=\"async\" width=\"675\" height=\"900\" src=\"https:\/\/www.anastasiapopescu.ro\/liceu\/wp-content\/uploads\/2026\/09\/793158886_1672778398185990_5734077670580249804_n-675x900.jpg\" alt=\"\" class=\"wp-image-7811\" style=\"width:728px;height:auto\"\/><\/figure>\n\n\n\n<figure class=\"wp-block-gallery has-nested-images columns-default is-cropped wp-block-gallery-1 is-layout-flex wp-block-gallery-is-layout-flex\">\n<figure class=\"wp-block-image size-large\"><img loading=\"lazy\" decoding=\"async\" width=\"675\" height=\"900\" data-id=\"7810\" src=\"https:\/\/www.anastasiapopescu.ro\/liceu\/wp-content\/uploads\/2026\/09\/788060376_1672778664852630_2366647742291440012_n-675x900.jpg\" alt=\"\" class=\"wp-image-7810\"\/><\/figure>\n\n\n\n<figure class=\"wp-block-image size-large\"><img loading=\"lazy\" decoding=\"async\" width=\"675\" height=\"900\" data-id=\"7813\" src=\"https:\/\/www.anastasiapopescu.ro\/liceu\/wp-content\/uploads\/2026\/09\/793222672_1672778564852640_5345579688592551898_n-675x900.jpg\" alt=\"\" class=\"wp-image-7813\"\/><\/figure>\n<\/figure>\n\n\n\n<figure class=\"wp-block-image size-large is-resized\"><img loading=\"lazy\" decoding=\"async\" width=\"675\" height=\"900\" src=\"https:\/\/www.anastasiapopescu.ro\/liceu\/wp-content\/uploads\/2026\/09\/790400609_1672778484852648_1321883521242598849_n-675x900.jpg\" alt=\"\" class=\"wp-image-7812\" style=\"width:727px;height:auto\"\/><\/figure>\n","protected":false},"excerpt":{"rendered":"<p>De rezultatul muncii lor vor beneficia cei mici, de la clasa preg\u0103titoare, care vor avea o sal\u0103 de &#8222;loisir&#8221;, s\u0103-i zicem joac\u0103, astfel \u00eenc\u00e2t trecerea de la gr\u0103dini\u021b\u0103 la \u0219coal\u0103 s\u0103 fie c\u00e2t mai lin\u0103, senin\u0103 \u0219i plin\u0103 de lumin\u0103!<\/p>\n","protected":false},"author":5,"featured_media":7811,"comment_status":"open","ping_status":"open","sticky":false,"template":"","format":"standard","meta":{"_et_pb_use_builder":"","_et_pb_old_content":"","_et_gb_content_width":"","footnotes":""},"categories":[7],"tags":[10,384,484],"class_list":["post-7809","post","type-post","status-publish","format-standard","has-post-thumbnail","hentry","category-anunturi","tag-liceul-pedagogic-anastasia-popescu","tag-roxana-maria-cioata","tag-sarah-olteanu"],"_links":{"self":[{"href":"https:\/\/www.anastasiapopescu.ro\/liceu\/wp-json\/wp\/v2\/posts\/7809","targetHints":{"allow":["GET"]}}],"collection":[{"href":"https:\/\/www.anastasiapopescu.ro\/liceu\/wp-json\/wp\/v2\/posts"}],"about":[{"href":"https:\/\/www.anastasiapopescu.ro\/liceu\/wp-json\/wp\/v2\/types\/post"}],"author":[{"embeddable":true,"href":"https:\/\/www.anastasiapopescu.ro\/liceu\/wp-json\/wp\/v2\/users\/5"}],"replies":[{"embeddable":true,"href":"https:\/\/www.anastasiapopescu.ro\/liceu\/wp-json\/wp\/v2\/comments?post=7809"}],"version-history":[{"count":1,"href":"https:\/\/www.anastasiapopescu.ro\/liceu\/wp-json\/wp\/v2\/posts\/7809\/revisions"}],"predecessor-version":[{"id":7814,"href":"https:\/\/www.anastasiapopescu.ro\/liceu\/wp-json\/wp\/v2\/posts\/7809\/revisions\/7814"}],"wp:featuredmedia":[{"embeddable":true,"href":"https:\/\/www.anastasiapopescu.ro\/liceu\/wp-json\/wp\/v2\/media\/7811"}],"wp:attachment":[{"href":"https:\/\/www.anastasiapopescu.ro\/liceu\/wp-json\/wp\/v2\/media?parent=7809"}],"wp:term":[{"taxonomy":"category","embeddable":true,"href":"https:\/\/www.anastasiapopescu.ro\/liceu\/wp-json\/wp\/v2\/categories?post=7809"},{"taxonomy":"post_tag","embeddable":true,"href":"https:\/\/www.anastasiapopescu.ro\/liceu\/wp-json\/wp\/v2\/tags?post=7809"}],"curies":[{"name":"wp","href":"https:\/\/api.w.org\/{rel}","templated":true}]}}