{"id":7803,"date":"2026-08-31T21:03:55","date_gmt":"2026-08-31T18:03:55","guid":{"rendered":"https:\/\/www.anastasiapopescu.ro\/liceu\/?p=7803"},"modified":"2026-09-01T16:07:31","modified_gmt":"2026-09-01T13:07:31","slug":"multumim-trinitas-tv-3","status":"publish","type":"post","link":"https:\/\/www.anastasiapopescu.ro\/liceu\/multumim-trinitas-tv-3\/","title":{"rendered":"Mul\u021bumim, TRINITAS TV!"},"content":{"rendered":"\n<p class=\"wp-block-paragraph\">Ziua Limbii Rom\u00e2ne, marcat\u0103 de elevii Liceului Pedagogic Ortodox \u201eAnastasia Popescu\u201d<\/p>\n\n\n\n<p class=\"wp-block-paragraph\"><strong>Cu doar c\u00e2teva zile \u00eenainte de \u00eenceputul anului \u0219colar, Ziua Limbii Rom\u00e2ne a fost marcat\u0103, ast\u0103zi, \u0219i de elevii Liceului Pedagogic Ortodox \u201eAnastasia Popescu\u201d din Bucure\u0219ti. Evenimentul a reprezentat totodat\u0103 \u0219i un omagiu adus scriitorilor rom\u00e2ni.<\/strong><\/p>\n\n\n\n<p class=\"wp-block-paragraph\"><\/p>\n\n\n\n<figure class=\"wp-block-embed is-type-wp-embed is-provider-trinitas-tv wp-block-embed-trinitas-tv wp-embed-aspect-16-9 wp-has-aspect-ratio\"><div class=\"wp-block-embed__wrapper\">\n<blockquote class=\"wp-embedded-content\" data-secret=\"frXmIABXC4\"><a href=\"https:\/\/www.trinitas.tv\/ziua-limbii-romane-marcata-de-elevii-liceului-pedagogic-ortodox-anastasia-popescu\/\">Ziua Limbii Rom\u00e2ne, marcat\u0103 de elevii Liceului Pedagogic Ortodox \u201eAnastasia Popescu\u201d<\/a><\/blockquote><iframe loading=\"lazy\" class=\"wp-embedded-content\" sandbox=\"allow-scripts\" security=\"restricted\" style=\"position: absolute; visibility: hidden;\" title=\"\u201eZiua Limbii Rom\u00e2ne, marcat\u0103 de elevii Liceului Pedagogic Ortodox \u201eAnastasia Popescu\u201d\u201d \u2013 TRINITAS TV\" src=\"https:\/\/www.trinitas.tv\/ziua-limbii-romane-marcata-de-elevii-liceului-pedagogic-ortodox-anastasia-popescu\/embed\/#?secret=gHdJUB0BNO#?secret=frXmIABXC4\" data-secret=\"frXmIABXC4\" width=\"600\" height=\"338\" frameborder=\"0\" marginwidth=\"0\" marginheight=\"0\" scrolling=\"no\"><\/iframe>\n<\/div><\/figure>\n","protected":false},"excerpt":{"rendered":"<p>Ziua Limbii Rom\u00e2ne, marcat\u0103 de elevii Liceului Pedagogic Ortodox \u201eAnastasia Popescu\u201d Cu doar c\u00e2teva zile \u00eenainte de \u00eenceputul anului \u0219colar, Ziua Limbii Rom\u00e2ne a fost marcat\u0103, ast\u0103zi, \u0219i de elevii Liceului Pedagogic Ortodox \u201eAnastasia Popescu\u201d din Bucure\u0219ti. Evenimentul a reprezentat totodat\u0103 \u0219i un omagiu adus scriitorilor rom\u00e2ni.<\/p>\n","protected":false},"author":5,"featured_media":7791,"comment_status":"open","ping_status":"open","sticky":false,"template":"","format":"standard","meta":{"_et_pb_use_builder":"","_et_pb_old_content":"","_et_gb_content_width":"","footnotes":""},"categories":[7,4,9,399],"tags":[10,477,478,246],"class_list":["post-7803","post","type-post","status-publish","format-standard","has-post-thumbnail","hentry","category-anunturi","category-evenimente","category-prima-pagina","category-trinitas-tv","tag-liceul-pedagogic-anastasia-popescu","tag-magda-catone","tag-rares-prisacariu","tag-ziua-limbii-romane"],"_links":{"self":[{"href":"https:\/\/www.anastasiapopescu.ro\/liceu\/wp-json\/wp\/v2\/posts\/7803","targetHints":{"allow":["GET"]}}],"collection":[{"href":"https:\/\/www.anastasiapopescu.ro\/liceu\/wp-json\/wp\/v2\/posts"}],"about":[{"href":"https:\/\/www.anastasiapopescu.ro\/liceu\/wp-json\/wp\/v2\/types\/post"}],"author":[{"embeddable":true,"href":"https:\/\/www.anastasiapopescu.ro\/liceu\/wp-json\/wp\/v2\/users\/5"}],"replies":[{"embeddable":true,"href":"https:\/\/www.anastasiapopescu.ro\/liceu\/wp-json\/wp\/v2\/comments?post=7803"}],"version-history":[{"count":2,"href":"https:\/\/www.anastasiapopescu.ro\/liceu\/wp-json\/wp\/v2\/posts\/7803\/revisions"}],"predecessor-version":[{"id":7805,"href":"https:\/\/www.anastasiapopescu.ro\/liceu\/wp-json\/wp\/v2\/posts\/7803\/revisions\/7805"}],"wp:featuredmedia":[{"embeddable":true,"href":"https:\/\/www.anastasiapopescu.ro\/liceu\/wp-json\/wp\/v2\/media\/7791"}],"wp:attachment":[{"href":"https:\/\/www.anastasiapopescu.ro\/liceu\/wp-json\/wp\/v2\/media?parent=7803"}],"wp:term":[{"taxonomy":"category","embeddable":true,"href":"https:\/\/www.anastasiapopescu.ro\/liceu\/wp-json\/wp\/v2\/categories?post=7803"},{"taxonomy":"post_tag","embeddable":true,"href":"https:\/\/www.anastasiapopescu.ro\/liceu\/wp-json\/wp\/v2\/tags?post=7803"}],"curies":[{"name":"wp","href":"https:\/\/api.w.org\/{rel}","templated":true}]}}