{"id":6624,"date":"2026-03-13T22:00:00","date_gmt":"2026-03-13T19:00:00","guid":{"rendered":"https:\/\/www.anastasiapopescu.ro\/liceu\/?p=6624"},"modified":"2026-03-14T01:35:02","modified_gmt":"2026-03-13T22:35:02","slug":"o-seara-minunata-alaturi-de-elevii-nostri-talentati-felicitari-maria-calangea-larisa-gabriela-popescu-roxana-filip-tudor-preda-si-clara-chereches","status":"publish","type":"post","link":"https:\/\/www.anastasiapopescu.ro\/liceu\/o-seara-minunata-alaturi-de-elevii-nostri-talentati-felicitari-maria-calangea-larisa-gabriela-popescu-roxana-filip-tudor-preda-si-clara-chereches\/","title":{"rendered":"O sear\u0103 minunat\u0103, al\u0103turi de elevii no\u0219tri talenta\u021bi! Felicit\u0103ri Maria Calangea, Larisa-Gabriela Popescu, Roxana Filip, Tudor Preda \u0219i Clara Chereche\u0219!"},"content":{"rendered":"\n<p class=\"wp-block-paragraph\">O pl\u0103cere!<\/p>\n\n\n\n<figure class=\"wp-block-embed is-type-video is-provider-youtube wp-block-embed-youtube wp-embed-aspect-16-9 wp-has-aspect-ratio\"><div class=\"wp-block-embed__wrapper\">\n<iframe loading=\"lazy\" title=\"Momente artistice la vernisajul Mariei Negreanu. Liceul Pedagogic \u201eAnastasia Popescu\u201d\" width=\"1080\" height=\"608\" src=\"https:\/\/www.youtube.com\/embed\/J-AaGYkgA2c?feature=oembed\"  allow=\"accelerometer; autoplay; clipboard-write; encrypted-media; gyroscope; picture-in-picture; web-share\" referrerpolicy=\"strict-origin-when-cross-origin\" allowfullscreen><\/iframe>\n<\/div><\/figure>\n","protected":false},"excerpt":{"rendered":"<p>O pl\u0103cere!<\/p>\n","protected":false},"author":5,"featured_media":6625,"comment_status":"open","ping_status":"open","sticky":false,"template":"","format":"standard","meta":{"_et_pb_use_builder":"","_et_pb_old_content":"","_et_gb_content_width":"","_crdt_document":"","footnotes":""},"categories":[7,24,4,9,400],"tags":[167,413,10,395,414,304],"class_list":["post-6624","post","type-post","status-publish","format-standard","has-post-thumbnail","hentry","category-anunturi","category-aparitii-in-media","category-evenimente","category-prima-pagina","category-trinitas-tv-aparitii-in-media","tag-clara-chereches","tag-larisa-gabriela-popescu","tag-liceul-pedagogic-anastasia-popescu","tag-maria-calangea","tag-roxana-filip","tag-tudor-preda"],"_links":{"self":[{"href":"https:\/\/www.anastasiapopescu.ro\/liceu\/wp-json\/wp\/v2\/posts\/6624","targetHints":{"allow":["GET"]}}],"collection":[{"href":"https:\/\/www.anastasiapopescu.ro\/liceu\/wp-json\/wp\/v2\/posts"}],"about":[{"href":"https:\/\/www.anastasiapopescu.ro\/liceu\/wp-json\/wp\/v2\/types\/post"}],"author":[{"embeddable":true,"href":"https:\/\/www.anastasiapopescu.ro\/liceu\/wp-json\/wp\/v2\/users\/5"}],"replies":[{"embeddable":true,"href":"https:\/\/www.anastasiapopescu.ro\/liceu\/wp-json\/wp\/v2\/comments?post=6624"}],"version-history":[{"count":1,"href":"https:\/\/www.anastasiapopescu.ro\/liceu\/wp-json\/wp\/v2\/posts\/6624\/revisions"}],"predecessor-version":[{"id":6626,"href":"https:\/\/www.anastasiapopescu.ro\/liceu\/wp-json\/wp\/v2\/posts\/6624\/revisions\/6626"}],"wp:featuredmedia":[{"embeddable":true,"href":"https:\/\/www.anastasiapopescu.ro\/liceu\/wp-json\/wp\/v2\/media\/6625"}],"wp:attachment":[{"href":"https:\/\/www.anastasiapopescu.ro\/liceu\/wp-json\/wp\/v2\/media?parent=6624"}],"wp:term":[{"taxonomy":"category","embeddable":true,"href":"https:\/\/www.anastasiapopescu.ro\/liceu\/wp-json\/wp\/v2\/categories?post=6624"},{"taxonomy":"post_tag","embeddable":true,"href":"https:\/\/www.anastasiapopescu.ro\/liceu\/wp-json\/wp\/v2\/tags?post=6624"}],"curies":[{"name":"wp","href":"https:\/\/api.w.org\/{rel}","templated":true}]}}