{"id":6571,"date":"2026-03-11T22:27:00","date_gmt":"2026-03-11T19:27:00","guid":{"rendered":"https:\/\/www.anastasiapopescu.ro\/liceu\/?p=6571"},"modified":"2026-03-12T00:19:51","modified_gmt":"2026-03-11T21:19:51","slug":"prima-parte-a-vernisajului-expozitiei-de-arta-textila-a-artistei-maria-negrila-s-a-desfasurat-in-mijlocul-elevilor-liceului-pedagogic-anastasia-popescu","status":"publish","type":"post","link":"https:\/\/www.anastasiapopescu.ro\/liceu\/prima-parte-a-vernisajului-expozitiei-de-arta-textila-a-artistei-maria-negrila-s-a-desfasurat-in-mijlocul-elevilor-liceului-pedagogic-anastasia-popescu\/","title":{"rendered":"Prima parte a vernisajului expozi\u021biei de art\u0103 textil\u0103 a artistei Maria Negril\u0103 s-a desf\u0103\u0219urat \u00een mijlocul elevilor Liceului Pedagogic \u201eAnastasia Popescu\u201d."},"content":{"rendered":"\n<p class=\"wp-block-paragraph\"><\/p>\n\n\n\n<p class=\"wp-block-paragraph\">Al\u0103turi de lucr\u0103rile expuse \u0219i inspira\u021bi de acestea, au sus\u021binut un moment muzical Maria Calangea, Maria Roxana Filip, Larisa Popescu, Tudor Preda, la pian \u0219i Clara Chereche\u0219 la vioar\u0103.<\/p>\n\n\n\n<p class=\"wp-block-paragraph\">Mul\u021bumim pentru preluarea acestor momente de \u00eenalt\u0103 vibra\u021bie artistic\u0103 postului <a href=\"https:\/\/www.facebook.com\/trinitastv?__cft__[0]=AZYwtE2zVQGn01NLZfLJo_5X4-Z4uNSGuRXad7DRi4yxbrRJRxOrJrcWqWPil2q19Jn4lAjm43zT9cCoWV5hWsgCLEAhzM_SuJFHls7ujXLB5yFGP6rc6SnJDRXaY4g2GFbv6EJCN-pxX5GOETrapnxfwUyIWp_amK29m2f2lf3MSA&amp;__tn__=-]K-R\">TRINITAS TV<\/a>.<\/p>\n\n\n\n<p class=\"wp-block-paragraph\">Expozi\u021bia \u00ee\u0219i a\u0219teapt\u0103 \u00een continuare vizitatorii!<\/p>\n\n\n\n<p class=\"wp-block-paragraph\"><\/p>\n\n\n\n<figure class=\"wp-block-embed is-type-video is-provider-youtube wp-block-embed-youtube wp-embed-aspect-16-9 wp-has-aspect-ratio\"><div class=\"wp-block-embed__wrapper\">\n<iframe loading=\"lazy\" title=\"Expozi\u021bie de art\u0103 textil\u0103, la Liceul \u201eAnastasia Popescu\u201d\" width=\"1080\" height=\"608\" src=\"https:\/\/www.youtube.com\/embed\/JuFAMTCNFnQ?start=1&#038;feature=oembed\"  allow=\"accelerometer; autoplay; clipboard-write; encrypted-media; gyroscope; picture-in-picture; web-share\" referrerpolicy=\"strict-origin-when-cross-origin\" allowfullscreen><\/iframe>\n<\/div><\/figure>\n","protected":false},"excerpt":{"rendered":"<p>Al\u0103turi de lucr\u0103rile expuse \u0219i inspira\u021bi de acestea, au sus\u021binut un moment muzical Maria Calangea, Maria Roxana Filip, Larisa Popescu, Tudor Preda, la pian \u0219i Clara Chereche\u0219 la vioar\u0103. Mul\u021bumim pentru preluarea acestor momente de \u00eenalt\u0103 vibra\u021bie artistic\u0103 postului TRINITAS TV. Expozi\u021bia \u00ee\u0219i a\u0219teapt\u0103 \u00een continuare vizitatorii!<\/p>\n","protected":false},"author":5,"featured_media":6572,"comment_status":"open","ping_status":"open","sticky":false,"template":"","format":"standard","meta":{"_et_pb_use_builder":"","_et_pb_old_content":"","_et_gb_content_width":"","_crdt_document":"","footnotes":""},"categories":[24,4,9,400],"tags":[10,386,401],"class_list":["post-6571","post","type-post","status-publish","format-standard","has-post-thumbnail","hentry","category-aparitii-in-media","category-evenimente","category-prima-pagina","category-trinitas-tv-aparitii-in-media","tag-liceul-pedagogic-anastasia-popescu","tag-maria-negreanu","tag-vernisaj"],"_links":{"self":[{"href":"https:\/\/www.anastasiapopescu.ro\/liceu\/wp-json\/wp\/v2\/posts\/6571","targetHints":{"allow":["GET"]}}],"collection":[{"href":"https:\/\/www.anastasiapopescu.ro\/liceu\/wp-json\/wp\/v2\/posts"}],"about":[{"href":"https:\/\/www.anastasiapopescu.ro\/liceu\/wp-json\/wp\/v2\/types\/post"}],"author":[{"embeddable":true,"href":"https:\/\/www.anastasiapopescu.ro\/liceu\/wp-json\/wp\/v2\/users\/5"}],"replies":[{"embeddable":true,"href":"https:\/\/www.anastasiapopescu.ro\/liceu\/wp-json\/wp\/v2\/comments?post=6571"}],"version-history":[{"count":2,"href":"https:\/\/www.anastasiapopescu.ro\/liceu\/wp-json\/wp\/v2\/posts\/6571\/revisions"}],"predecessor-version":[{"id":6602,"href":"https:\/\/www.anastasiapopescu.ro\/liceu\/wp-json\/wp\/v2\/posts\/6571\/revisions\/6602"}],"wp:featuredmedia":[{"embeddable":true,"href":"https:\/\/www.anastasiapopescu.ro\/liceu\/wp-json\/wp\/v2\/media\/6572"}],"wp:attachment":[{"href":"https:\/\/www.anastasiapopescu.ro\/liceu\/wp-json\/wp\/v2\/media?parent=6571"}],"wp:term":[{"taxonomy":"category","embeddable":true,"href":"https:\/\/www.anastasiapopescu.ro\/liceu\/wp-json\/wp\/v2\/categories?post=6571"},{"taxonomy":"post_tag","embeddable":true,"href":"https:\/\/www.anastasiapopescu.ro\/liceu\/wp-json\/wp\/v2\/tags?post=6571"}],"curies":[{"name":"wp","href":"https:\/\/api.w.org\/{rel}","templated":true}]}}