{"id":6567,"date":"2026-03-10T20:31:00","date_gmt":"2026-03-10T17:31:00","guid":{"rendered":"https:\/\/www.anastasiapopescu.ro\/liceu\/?p=6567"},"modified":"2026-03-11T23:26:29","modified_gmt":"2026-03-11T20:26:29","slug":"maine-la-1830-va-asteptam-pentru-o-seara-de-pictura-muzica-bucurie-vie","status":"publish","type":"post","link":"https:\/\/www.anastasiapopescu.ro\/liceu\/maine-la-1830-va-asteptam-pentru-o-seara-de-pictura-muzica-bucurie-vie\/","title":{"rendered":"M\u00e2ine la 18:30 v\u0103 a\u0219tept\u0103m pentru o sear\u0103 de pictur\u0103, muzic\u0103, bucurie vie!"},"content":{"rendered":"\n<p class=\"wp-block-paragraph\">O avanpremier\u0103 la Vernisajul de m\u00e2ine.<\/p>\n\n\n\n<p class=\"wp-block-paragraph\">Vor participa, cu momente muzicale, elevi ai Liceului Pedagogic \u201eAnastasia Popescu\u201d: Maria Calangea, Maria Roxana Filip, Larisa Popescu, Tudor Preda &#8211; pian \u0219i Clara Chereche\u0219 &#8211; vioar\u0103.<\/p>\n\n\n\n<p class=\"wp-block-paragraph\">V\u0103 a\u0219tept\u0103m \u00een str. Zborului nr 7-9, Galeria \u201eTh. Aman\u201d, la ora 18.30.<\/p>\n\n\n\n<p class=\"wp-block-paragraph\">Cei c\u0103rora programul nu le permite s\u0103 participe seara sunt a\u0219tepta\u021bi la ora 12.00, al\u0103turi de elevii no\u0219tri.<\/p>\n\n\n\n<p class=\"wp-block-paragraph\"><\/p>\n\n\n\n<figure class=\"wp-block-image size-large\"><img loading=\"lazy\" decoding=\"async\" width=\"636\" height=\"900\" src=\"https:\/\/www.anastasiapopescu.ro\/liceu\/wp-content\/uploads\/2026\/03\/644728980_1502188038578361_3053304278843583774_n-636x900.jpg\" alt=\"\" class=\"wp-image-6465\"\/><\/figure>\n\n\n\n<figure class=\"wp-block-embed is-type-video is-provider-youtube wp-block-embed-youtube wp-embed-aspect-16-9 wp-has-aspect-ratio\"><div class=\"wp-block-embed__wrapper\">\n<iframe loading=\"lazy\" title=\"Vernisaj Maria Negreanu la Liceul Pedagogic Ortodox \u201eAnastasia Popescu\u201d\" width=\"1080\" height=\"608\" src=\"https:\/\/www.youtube.com\/embed\/W_lK41BSRVs?feature=oembed\"  allow=\"accelerometer; autoplay; clipboard-write; encrypted-media; gyroscope; picture-in-picture; web-share\" referrerpolicy=\"strict-origin-when-cross-origin\" allowfullscreen><\/iframe>\n<\/div><\/figure>\n","protected":false},"excerpt":{"rendered":"<p>O avanpremier\u0103 la Vernisajul de m\u00e2ine. Vor participa, cu momente muzicale, elevi ai Liceului Pedagogic \u201eAnastasia Popescu\u201d: Maria Calangea, Maria Roxana Filip, Larisa Popescu, Tudor Preda &#8211; pian \u0219i Clara Chereche\u0219 &#8211; vioar\u0103. V\u0103 a\u0219tept\u0103m \u00een str. Zborului nr 7-9, Galeria \u201eTh. Aman\u201d, la ora 18.30. Cei c\u0103rora programul nu le permite s\u0103 participe seara [&hellip;]<\/p>\n","protected":false},"author":5,"featured_media":6465,"comment_status":"open","ping_status":"open","sticky":false,"template":"","format":"standard","meta":{"_et_pb_use_builder":"","_et_pb_old_content":"","_et_gb_content_width":"","_crdt_document":"","footnotes":""},"categories":[7,4],"tags":[167,397,10,395,386,396,304],"class_list":["post-6567","post","type-post","status-publish","format-standard","has-post-thumbnail","hentry","category-anunturi","category-evenimente","tag-clara-chereches","tag-larisa-popescu","tag-liceul-pedagogic-anastasia-popescu","tag-maria-calangea","tag-maria-negreanu","tag-maria-roxana-filip","tag-tudor-preda"],"_links":{"self":[{"href":"https:\/\/www.anastasiapopescu.ro\/liceu\/wp-json\/wp\/v2\/posts\/6567","targetHints":{"allow":["GET"]}}],"collection":[{"href":"https:\/\/www.anastasiapopescu.ro\/liceu\/wp-json\/wp\/v2\/posts"}],"about":[{"href":"https:\/\/www.anastasiapopescu.ro\/liceu\/wp-json\/wp\/v2\/types\/post"}],"author":[{"embeddable":true,"href":"https:\/\/www.anastasiapopescu.ro\/liceu\/wp-json\/wp\/v2\/users\/5"}],"replies":[{"embeddable":true,"href":"https:\/\/www.anastasiapopescu.ro\/liceu\/wp-json\/wp\/v2\/comments?post=6567"}],"version-history":[{"count":2,"href":"https:\/\/www.anastasiapopescu.ro\/liceu\/wp-json\/wp\/v2\/posts\/6567\/revisions"}],"predecessor-version":[{"id":6569,"href":"https:\/\/www.anastasiapopescu.ro\/liceu\/wp-json\/wp\/v2\/posts\/6567\/revisions\/6569"}],"wp:featuredmedia":[{"embeddable":true,"href":"https:\/\/www.anastasiapopescu.ro\/liceu\/wp-json\/wp\/v2\/media\/6465"}],"wp:attachment":[{"href":"https:\/\/www.anastasiapopescu.ro\/liceu\/wp-json\/wp\/v2\/media?parent=6567"}],"wp:term":[{"taxonomy":"category","embeddable":true,"href":"https:\/\/www.anastasiapopescu.ro\/liceu\/wp-json\/wp\/v2\/categories?post=6567"},{"taxonomy":"post_tag","embeddable":true,"href":"https:\/\/www.anastasiapopescu.ro\/liceu\/wp-json\/wp\/v2\/tags?post=6567"}],"curies":[{"name":"wp","href":"https:\/\/api.w.org\/{rel}","templated":true}]}}