{"id":6117,"date":"2026-01-25T23:51:05","date_gmt":"2026-01-25T20:51:05","guid":{"rendered":"https:\/\/www.anastasiapopescu.ro\/liceu\/?p=6117"},"modified":"2026-01-25T23:51:10","modified_gmt":"2026-01-25T20:51:10","slug":"joi-29-ianuarie-ora-12-00-va-invitam-la-un-eveniment-extraordinar","status":"publish","type":"post","link":"https:\/\/www.anastasiapopescu.ro\/liceu\/joi-29-ianuarie-ora-12-00-va-invitam-la-un-eveniment-extraordinar\/","title":{"rendered":"Joi, 29 ianuarie ora 12.00 v\u0103 invitam la un eveniment extraordinar!"},"content":{"rendered":"\n<p class=\"wp-block-paragraph\"><\/p>\n\n\n\n<p class=\"wp-block-paragraph\">\u00cenainte de lansarea oficial\u0103 din Sydney- New South Wales, aceast\u0103 minunat\u0103 antologie de literatur\u0103 contemporan\u0103 rom\u00e2no-australian\u0103 va fi prezentat\u0103 joi la Liceul nostru.<\/p>\n\n\n\n<p class=\"wp-block-paragraph\">La eveniment va participa ini\u021biatoarea proiectului, scriitoarea \u0219i coordonatoarea Mihaela Cristescu (totodat\u0103 z\u00e2n\u0103 bun\u0103 \u0219i mecena celor 10 editii, anul acesta e a zecea \u0219i ultima edi\u021bie) \u00eenso\u021bit\u0103 de fiul ei, pe care-l vom exploata artistic <img loading=\"lazy\" decoding=\"async\" height=\"16\" width=\"16\" src=\"https:\/\/static.xx.fbcdn.net\/images\/emoji.php\/v9\/t4c\/1\/16\/1f642.png\" alt=\"\ud83d\ude42\"><\/p>\n\n\n\n<p class=\"wp-block-paragraph\">Lansarea va fi precedat\u0103 de un mic recital sus\u021binut de pianistul Gabriel Cristescu.<\/p>\n\n\n\n<p class=\"wp-block-paragraph\">A\u0219a cum spune \u0219i titlul, n\u0103d\u0103jduim s\u0103 purtam un Dialog c\u00e2t se poate de pl\u0103cut despre literatur\u0103 \u0219i \u00eenv\u0103\u021b\u0103m\u00e2nt.<\/p>\n\n\n\n<p class=\"wp-block-paragraph\">Ilustra\u021biile tuturor celor 10 edi\u021bii sunt f\u0103cute de Lumini\u021ba \u0218erb\u0103nescu, artist plastic rom\u00e2n stabilit \u00een Canada.<\/p>\n\n\n\n<p class=\"wp-block-paragraph\">V\u0103 a\u0219tept\u0103m cu bucurie!<\/p>\n\n\n\n<p class=\"wp-block-paragraph\"><\/p>\n\n\n\n<figure class=\"wp-block-image size-large\"><img loading=\"lazy\" decoding=\"async\" width=\"720\" height=\"900\" src=\"https:\/\/www.anastasiapopescu.ro\/liceu\/wp-content\/uploads\/2026\/01\/619085881_1467753358688496_6763823976235988374_n-720x900.jpg\" alt=\"\" class=\"wp-image-6122\"\/><\/figure>\n\n\n\n<figure class=\"wp-block-image size-large\"><img loading=\"lazy\" decoding=\"async\" width=\"900\" height=\"884\" src=\"https:\/\/www.anastasiapopescu.ro\/liceu\/wp-content\/uploads\/2026\/01\/617706826_1467753475355151_3948559699867777704_n-900x884.jpg\" alt=\"\" class=\"wp-image-6120\"\/><\/figure>\n\n\n\n<figure class=\"wp-block-image size-large\"><img loading=\"lazy\" decoding=\"async\" width=\"900\" height=\"414\" src=\"https:\/\/www.anastasiapopescu.ro\/liceu\/wp-content\/uploads\/2026\/01\/621201661_1467753395355159_5140388208264819833_n-900x414.jpg\" alt=\"\" class=\"wp-image-6121\"\/><\/figure>\n\n\n\n<figure class=\"wp-block-gallery has-nested-images columns-default is-cropped wp-block-gallery-1 is-layout-flex wp-block-gallery-is-layout-flex\">\n<figure class=\"wp-block-image size-large\"><img loading=\"lazy\" decoding=\"async\" width=\"504\" height=\"900\" data-id=\"6119\" src=\"https:\/\/www.anastasiapopescu.ro\/liceu\/wp-content\/uploads\/2026\/01\/621812947_1467753505355148_3051602208642867411_n-504x900.jpg\" alt=\"\" class=\"wp-image-6119\"\/><\/figure>\n<\/figure>\n\n\n\n<figure class=\"wp-block-image size-large\"><img loading=\"lazy\" decoding=\"async\" width=\"900\" height=\"823\" src=\"https:\/\/www.anastasiapopescu.ro\/liceu\/wp-content\/uploads\/2026\/01\/619561096_1467753435355155_3176272442296036421_n-900x823.jpg\" alt=\"\" class=\"wp-image-6118\"\/><\/figure>\n","protected":false},"excerpt":{"rendered":"<p>\u00cenainte de lansarea oficial\u0103 din Sydney- New South Wales, aceast\u0103 minunat\u0103 antologie de literatur\u0103 contemporan\u0103 rom\u00e2no-australian\u0103 va fi prezentat\u0103 joi la Liceul nostru. La eveniment va participa ini\u021biatoarea proiectului, scriitoarea \u0219i coordonatoarea Mihaela Cristescu (totodat\u0103 z\u00e2n\u0103 bun\u0103 \u0219i mecena celor 10 editii, anul acesta e a zecea \u0219i ultima edi\u021bie) \u00eenso\u021bit\u0103 de fiul ei, pe [&hellip;]<\/p>\n","protected":false},"author":5,"featured_media":6122,"comment_status":"open","ping_status":"open","sticky":false,"template":"","format":"standard","meta":{"_et_pb_use_builder":"","_et_pb_old_content":"","_et_gb_content_width":"","_crdt_document":"","footnotes":""},"categories":[7,24,4,9],"tags":[375,376,374],"class_list":["post-6117","post","type-post","status-publish","format-standard","has-post-thumbnail","hentry","category-anunturi","category-aparitii-in-media","category-evenimente","category-prima-pagina","tag-gabriel-cristescu","tag-luminita-serbanescu","tag-mihaela-cristescu"],"_links":{"self":[{"href":"https:\/\/www.anastasiapopescu.ro\/liceu\/wp-json\/wp\/v2\/posts\/6117","targetHints":{"allow":["GET"]}}],"collection":[{"href":"https:\/\/www.anastasiapopescu.ro\/liceu\/wp-json\/wp\/v2\/posts"}],"about":[{"href":"https:\/\/www.anastasiapopescu.ro\/liceu\/wp-json\/wp\/v2\/types\/post"}],"author":[{"embeddable":true,"href":"https:\/\/www.anastasiapopescu.ro\/liceu\/wp-json\/wp\/v2\/users\/5"}],"replies":[{"embeddable":true,"href":"https:\/\/www.anastasiapopescu.ro\/liceu\/wp-json\/wp\/v2\/comments?post=6117"}],"version-history":[{"count":1,"href":"https:\/\/www.anastasiapopescu.ro\/liceu\/wp-json\/wp\/v2\/posts\/6117\/revisions"}],"predecessor-version":[{"id":6123,"href":"https:\/\/www.anastasiapopescu.ro\/liceu\/wp-json\/wp\/v2\/posts\/6117\/revisions\/6123"}],"wp:featuredmedia":[{"embeddable":true,"href":"https:\/\/www.anastasiapopescu.ro\/liceu\/wp-json\/wp\/v2\/media\/6122"}],"wp:attachment":[{"href":"https:\/\/www.anastasiapopescu.ro\/liceu\/wp-json\/wp\/v2\/media?parent=6117"}],"wp:term":[{"taxonomy":"category","embeddable":true,"href":"https:\/\/www.anastasiapopescu.ro\/liceu\/wp-json\/wp\/v2\/categories?post=6117"},{"taxonomy":"post_tag","embeddable":true,"href":"https:\/\/www.anastasiapopescu.ro\/liceu\/wp-json\/wp\/v2\/tags?post=6117"}],"curies":[{"name":"wp","href":"https:\/\/api.w.org\/{rel}","templated":true}]}}