{"id":6050,"date":"2026-01-16T23:27:47","date_gmt":"2026-01-16T20:27:47","guid":{"rendered":"https:\/\/www.anastasiapopescu.ro\/liceu\/?p=6050"},"modified":"2026-03-11T23:48:43","modified_gmt":"2026-03-11T20:48:43","slug":"multumim-basilica","status":"publish","type":"post","link":"https:\/\/www.anastasiapopescu.ro\/liceu\/multumim-basilica\/","title":{"rendered":"Mul\u021bumim, Basilica!"},"content":{"rendered":"\n<p class=\"wp-block-paragraph\">Mihai Eminescu omagiat la Ateneul Rom\u00e2n de Ana Blandiana \u0219i elevii Liceului Pedagogic Ortodox \u201eAnastasia Popescu\u201d<\/p>\n\n\n\n<figure class=\"wp-block-image size-large\"><a href=\"https:\/\/basilica.ro\/mihai-eminescu-omagiat-la-ateneul-roman-de-elevi\/?fbclid=IwY2xjawPfZ75leHRuA2FlbQIxMQBzcnRjBmFwcF9pZBAyMjIwMzkxNzg4MjAwODkyAAEe-DPKiP_scmc9pNLqFy9Vy2XjIOa-j_5NgAdb7QabJOor2Z0KL9ckNrlNiU4_aem_mBUKZbALr5lljC1xLkAAlA\"><img loading=\"lazy\" decoding=\"async\" width=\"900\" height=\"600\" src=\"https:\/\/www.anastasiapopescu.ro\/liceu\/wp-content\/uploads\/2026\/01\/615012061_1458665266263972_7356502103545791417_n-900x600.jpg\" alt=\"\" class=\"wp-image-6017\"\/><\/a><\/figure>\n\n\n\n<p class=\"wp-block-paragraph\"><strong>Elevii Liceului Pedagogic Ortodox \u201eAnastasia Popescu\u201d din Bucure\u0219ti au continuat joi tradi\u021bia lor de Ziua Culturii Na\u021bionale, depun\u00e2nd o ghirland\u0103 cu garoafe ro\u0219ii pe umerii statuii lui Mihai Eminescu din fa\u021ba Ateneului Rom\u00e2n. Li s-a al\u0103turat, a\u0219a cum a f\u0103cut-o de multe ori, poeta Ana Blandiana.<\/strong><\/p>\n\n\n\n<p class=\"wp-block-paragraph\">\u201eAvem mul\u021bi mari poe\u021bi, dar Eminescu este Poetul Na\u021bional. Nu cred, \u00eens\u0103, c\u0103 suntem con\u0219tien\u021bi c\u00e2t de greu \u00eei este unui mare poet s\u0103 fie poet na\u021bional, c\u00e2t de pu\u021bin\u0103 libertate \u00eei l\u0103s\u0103m noi \u00een eternitate, pun\u00e2ndu-i pe umeri povara culturii na\u021bionale \u0219i f\u0103c\u00e2ndu-l s\u0103 r\u0103spund\u0103 pentru ceea ce se \u00eent\u00e2mpl\u0103 \u0219i dup\u0103 el\u201d, a declarat poeta pentru Trinitas TV.<\/p>\n\n\n\n<h2 class=\"wp-block-heading\"><strong>Pledoarie pentru poezie<\/strong><\/h2>\n\n\n\n<p class=\"wp-block-paragraph\">\u201eMi se pare o imens\u0103 gre\u0219eal\u0103 faptul c\u0103, \u00een mod teoretic, \u00een ultimii ani, \u00een \u0219coala noastr\u0103 nu se mai \u00eenva\u021b\u0103 pe de rost poezii\u201d, a ad\u0103ugat Ana Blandiana.<\/p>\n\n\n\n<blockquote class=\"wp-block-quote is-layout-flow wp-block-quote-is-layout-flow\">\n<p class=\"wp-block-paragraph\">\u201eCopiii din Rom\u00e2nia nu-l mai \u0219tiu pe de rost pe Eminescu, ceea ce este \u00eengrozitor \u2013 nu pentru Eminescu, ci pentru ei, pentru c\u0103 nu le r\u0103m\u00e2ne aceast\u0103 lumin\u0103 din copil\u0103rie care, de obicei, lumineaz\u0103 toat\u0103 via\u021ba.\u201d<\/p>\n\n\n\n<figure class=\"wp-block-image size-large is-resized\"><img loading=\"lazy\" decoding=\"async\" width=\"600\" height=\"900\" src=\"https:\/\/www.anastasiapopescu.ro\/liceu\/wp-content\/uploads\/2026\/01\/image-600x900.png\" alt=\"\" class=\"wp-image-6052\" style=\"width:344px;height:auto\"\/><\/figure>\n<\/blockquote>\n\n\n\n<p class=\"wp-block-paragraph\">Elevii Liceului Pedagogic Ortodox \u201eAnastasia Popescu\u201d din Bucure\u0219ti au depus tradi\u021bionala ghirland\u0103 de flori pe umerii statuii lui Mihai Eminescu de la Ateneu joi, 15 ianuarie 2026, de Ziua Culturii Na\u021bionale. Foto: Robert Sandu<\/p>\n\n\n\n<p class=\"wp-block-paragraph\">Gestul de a aduce flori la statuia lui Mihai Eminescu cu prilejul zilei sale de na\u0219tere a devenit o tradi\u021bie a liceului p\u0103strat\u0103 ne\u00eentrerupt de 13 ani.<\/p>\n\n\n\n<h2 class=\"wp-block-heading\"><strong>O tradi\u021bie de 13 ani<\/strong><\/h2>\n\n\n\n<p class=\"wp-block-paragraph\">\u201eNoi am preluat o tradi\u021bie\u201d, a explicat Mona \u0218erb\u0103nescu, fondatoarea \u0219i directoarea institu\u021biei de \u00eenv\u0103\u021b\u0103m\u00e2nt.<\/p>\n\n\n\n<p class=\"wp-block-paragraph\">\u201eDin fericire am descoperit la timpul potrivit lucrarea&nbsp;<em>Fals tratat de manipulare<\/em>, volumul pe care l-a publicat Ana Blandiana cu 13 ani \u00een urm\u0103, ca s\u0103 decidem \u00eempreun\u0103 cu clasa 5-a de atunci c\u0103 ar fi bine s\u0103 \u00eencerc\u0103m \u0219i noi s\u0103 depunem aceast\u0103 ghirland\u0103 de garoafe ro\u0219ii.\u201d<\/p>\n\n\n\n<p class=\"wp-block-paragraph\">\u201eContinu\u0103m o tradi\u021bie a scriitorilor care se sim\u021beau diziden\u021bi \u00eentr-o lun\u0103 ianuarie dedicat\u0103 familiei conduc\u0103toare de atunci \u0219i ca atare ne-am decis s\u0103 o anun\u021b\u0103m pe doamna Ana Blandiana c\u0103 dorim s\u0103 continu\u0103m gestul pe care \u00eel f\u0103ceau scriitorii\u201d, a relatat Mona \u0218erb\u0103nescu.<\/p>\n\n\n\n<p class=\"wp-block-paragraph\">Ana Blandiana se \u00eent\u00e2lne\u0219te aproape an de an cu elevii liceului la aceast\u0103 ac\u021biune \u0219i le vorbe\u0219te despre Eminescu \u0219i despre leg\u0103tura dintre cultura na\u021bional\u0103 \u0219i ziua de na\u0219tere a poetului.<\/p>\n\n\n\n<p class=\"wp-block-paragraph\"><\/p>\n\n\n\n<figure class=\"wp-block-embed is-type-video is-provider-youtube wp-block-embed-youtube wp-embed-aspect-16-9 wp-has-aspect-ratio\"><div class=\"wp-block-embed__wrapper\">\n<iframe loading=\"lazy\" title=\"Mihai Eminescu, comemorat de elevii Liceului Pedagogic Ortodox \u201eAnastasia Popescu\u201d din Capital\u0103\" width=\"1080\" height=\"608\" src=\"https:\/\/www.youtube.com\/embed\/rqHCyMGdVcI?feature=oembed\"  allow=\"accelerometer; autoplay; clipboard-write; encrypted-media; gyroscope; picture-in-picture; web-share\" referrerpolicy=\"strict-origin-when-cross-origin\" allowfullscreen><\/iframe>\n<\/div><\/figure>\n\n\n\n<p class=\"wp-block-paragraph\"><\/p>\n\n\n\n<h2 class=\"wp-block-heading\"><strong>Declara\u021bii de la elevi<\/strong><\/h2>\n\n\n\n<p class=\"wp-block-paragraph\">Trinitas TV a stat de vorb\u0103 cu c\u00e2\u021biva elevi participan\u021bi la activitate:<\/p>\n\n\n\n<blockquote class=\"wp-block-quote is-layout-flow wp-block-quote-is-layout-flow\">\n<p class=\"wp-block-paragraph\">\u201eEu consider c\u0103 este important Mihai Eminescu deoarece cred c\u0103 reprezint\u0103 patria \u0219i simt c\u0103 poeziile lui exprim\u0103 foarte bine natura\u201d, a spus o elev\u0103.<\/p>\n\n\n\n<p class=\"wp-block-paragraph\">\u201eM\u0103 bucur c\u0103 sunt rom\u00e2n la fel ca el, deoarece este unul dintre cei mai mari poe\u021bi al lumii\u201d, a ad\u0103ugat un coleg al ei.<\/p>\n\n\n\n<p class=\"wp-block-paragraph\">\u201eMi se pare c\u0103 poeziile lui sunt foarte frumoase. Oricine poate s\u0103 \u00eenve\u021be poeziile. Sunt destul de pure \u0219i simple, \u00ee\u021bi vin u\u0219or\u201d, a ad\u0103ugat alt elev.<\/p>\n<\/blockquote>\n","protected":false},"excerpt":{"rendered":"<p>Mihai Eminescu omagiat la Ateneul Rom\u00e2n de Ana Blandiana \u0219i elevii Liceului Pedagogic Ortodox \u201eAnastasia Popescu\u201d Elevii Liceului Pedagogic Ortodox \u201eAnastasia Popescu\u201d din Bucure\u0219ti au continuat joi tradi\u021bia lor de Ziua Culturii Na\u021bionale, depun\u00e2nd o ghirland\u0103 cu garoafe ro\u0219ii pe umerii statuii lui Mihai Eminescu din fa\u021ba Ateneului Rom\u00e2n. Li s-a al\u0103turat, a\u0219a cum a [&hellip;]<\/p>\n","protected":false},"author":5,"featured_media":6017,"comment_status":"open","ping_status":"open","sticky":false,"template":"","format":"standard","meta":{"_et_pb_use_builder":"","_et_pb_old_content":"","_et_gb_content_width":"","_crdt_document":"","footnotes":""},"categories":[7,24,4,9,400],"tags":[38,368,10,35],"class_list":["post-6050","post","type-post","status-publish","format-standard","has-post-thumbnail","hentry","category-anunturi","category-aparitii-in-media","category-evenimente","category-prima-pagina","category-trinitas-tv-aparitii-in-media","tag-ateneul-roman","tag-basilica","tag-liceul-pedagogic-anastasia-popescu","tag-mihai-eminescu"],"_links":{"self":[{"href":"https:\/\/www.anastasiapopescu.ro\/liceu\/wp-json\/wp\/v2\/posts\/6050","targetHints":{"allow":["GET"]}}],"collection":[{"href":"https:\/\/www.anastasiapopescu.ro\/liceu\/wp-json\/wp\/v2\/posts"}],"about":[{"href":"https:\/\/www.anastasiapopescu.ro\/liceu\/wp-json\/wp\/v2\/types\/post"}],"author":[{"embeddable":true,"href":"https:\/\/www.anastasiapopescu.ro\/liceu\/wp-json\/wp\/v2\/users\/5"}],"replies":[{"embeddable":true,"href":"https:\/\/www.anastasiapopescu.ro\/liceu\/wp-json\/wp\/v2\/comments?post=6050"}],"version-history":[{"count":1,"href":"https:\/\/www.anastasiapopescu.ro\/liceu\/wp-json\/wp\/v2\/posts\/6050\/revisions"}],"predecessor-version":[{"id":6053,"href":"https:\/\/www.anastasiapopescu.ro\/liceu\/wp-json\/wp\/v2\/posts\/6050\/revisions\/6053"}],"wp:featuredmedia":[{"embeddable":true,"href":"https:\/\/www.anastasiapopescu.ro\/liceu\/wp-json\/wp\/v2\/media\/6017"}],"wp:attachment":[{"href":"https:\/\/www.anastasiapopescu.ro\/liceu\/wp-json\/wp\/v2\/media?parent=6050"}],"wp:term":[{"taxonomy":"category","embeddable":true,"href":"https:\/\/www.anastasiapopescu.ro\/liceu\/wp-json\/wp\/v2\/categories?post=6050"},{"taxonomy":"post_tag","embeddable":true,"href":"https:\/\/www.anastasiapopescu.ro\/liceu\/wp-json\/wp\/v2\/tags?post=6050"}],"curies":[{"name":"wp","href":"https:\/\/api.w.org\/{rel}","templated":true}]}}