{"id":5602,"date":"2025-12-01T22:50:49","date_gmt":"2025-12-01T19:50:49","guid":{"rendered":"https:\/\/www.anastasiapopescu.ro\/liceu\/?p=5602"},"modified":"2025-12-01T22:50:52","modified_gmt":"2025-12-01T19:50:52","slug":"spectacolul-in-drum-spre-iasi-scris-si-regizat-de-colega-noastra-ivona-boitan-a-fost-gandit-cu-ocazia-centenarului","status":"publish","type":"post","link":"https:\/\/www.anastasiapopescu.ro\/liceu\/spectacolul-in-drum-spre-iasi-scris-si-regizat-de-colega-noastra-ivona-boitan-a-fost-gandit-cu-ocazia-centenarului\/","title":{"rendered":"Spectacolul \u201e\u00cen drum spre Iasi\u201d, scris \u0219i regizat de colega noastr\u0103 Ivona Boitan, a fost g\u00e2ndit cu ocazia Centenarului"},"content":{"rendered":"\n<p class=\"wp-block-paragraph\"><a href=\"https:\/\/www.facebook.com\/hashtag\/teatru?__eep__=6&amp;__cft__[0]=AZW4vPF4KGSfCopgxOG74gLdBlFfLZntaM8qZSbAYPYPYVxjvhjz3HaxAq_1qYHkFas3vuTcmcph1XFjBKanspYXQmjM6Fk5IdeqqCy7RyMl0mZnC-V5ibmZGjFd79yLXoMQlUU3ScQZgGs6bqzNjwI_eCyXHn8CgrBuydog67lCKS6wn_Kk-_JpTUQ6C4vVlxE&amp;__tn__=*NK-R\">#teatru<\/a><a href=\"https:\/\/www.facebook.com\/hashtag\/lectiedeistorie?__eep__=6&amp;__cft__[0]=AZW4vPF4KGSfCopgxOG74gLdBlFfLZntaM8qZSbAYPYPYVxjvhjz3HaxAq_1qYHkFas3vuTcmcph1XFjBKanspYXQmjM6Fk5IdeqqCy7RyMl0mZnC-V5ibmZGjFd79yLXoMQlUU3ScQZgGs6bqzNjwI_eCyXHn8CgrBuydog67lCKS6wn_Kk-_JpTUQ6C4vVlxE&amp;__tn__=*NK-R\">#lectiedeistorie<\/a><a href=\"https:\/\/www.facebook.com\/hashtag\/mareaunire?__eep__=6&amp;__cft__[0]=AZW4vPF4KGSfCopgxOG74gLdBlFfLZntaM8qZSbAYPYPYVxjvhjz3HaxAq_1qYHkFas3vuTcmcph1XFjBKanspYXQmjM6Fk5IdeqqCy7RyMl0mZnC-V5ibmZGjFd79yLXoMQlUU3ScQZgGs6bqzNjwI_eCyXHn8CgrBuydog67lCKS6wn_Kk-_JpTUQ6C4vVlxE&amp;__tn__=*NK-R\">#mareaunire<\/a><a href=\"https:\/\/www.facebook.com\/hashtag\/indrumspreiasi?__eep__=6&amp;__cft__[0]=AZW4vPF4KGSfCopgxOG74gLdBlFfLZntaM8qZSbAYPYPYVxjvhjz3HaxAq_1qYHkFas3vuTcmcph1XFjBKanspYXQmjM6Fk5IdeqqCy7RyMl0mZnC-V5ibmZGjFd79yLXoMQlUU3ScQZgGs6bqzNjwI_eCyXHn8CgrBuydog67lCKS6wn_Kk-_JpTUQ6C4vVlxE&amp;__tn__=*NK-R\">#indrumspreiasi<\/a><a href=\"https:\/\/www.facebook.com\/hashtag\/tomicristin?__eep__=6&amp;__cft__[0]=AZW4vPF4KGSfCopgxOG74gLdBlFfLZntaM8qZSbAYPYPYVxjvhjz3HaxAq_1qYHkFas3vuTcmcph1XFjBKanspYXQmjM6Fk5IdeqqCy7RyMl0mZnC-V5ibmZGjFd79yLXoMQlUU3ScQZgGs6bqzNjwI_eCyXHn8CgrBuydog67lCKS6wn_Kk-_JpTUQ6C4vVlxE&amp;__tn__=*NK-R\">#tomicristin<\/a><a href=\"https:\/\/www.facebook.com\/hashtag\/bogdaniacob?__eep__=6&amp;__cft__[0]=AZW4vPF4KGSfCopgxOG74gLdBlFfLZntaM8qZSbAYPYPYVxjvhjz3HaxAq_1qYHkFas3vuTcmcph1XFjBKanspYXQmjM6Fk5IdeqqCy7RyMl0mZnC-V5ibmZGjFd79yLXoMQlUU3ScQZgGs6bqzNjwI_eCyXHn8CgrBuydog67lCKS6wn_Kk-_JpTUQ6C4vVlxE&amp;__tn__=*NK-R\">#bogdaniacob<\/a><a href=\"https:\/\/www.facebook.com\/hashtag\/valentinparaschivu?__eep__=6&amp;__cft__[0]=AZW4vPF4KGSfCopgxOG74gLdBlFfLZntaM8qZSbAYPYPYVxjvhjz3HaxAq_1qYHkFas3vuTcmcph1XFjBKanspYXQmjM6Fk5IdeqqCy7RyMl0mZnC-V5ibmZGjFd79yLXoMQlUU3ScQZgGs6bqzNjwI_eCyXHn8CgrBuydog67lCKS6wn_Kk-_JpTUQ6C4vVlxE&amp;__tn__=*NK-R\">#valentinparaschivu<\/a><\/p>\n\n\n\n<p class=\"wp-block-paragraph\">\u00cen contul <strong>Zilei Na\u021bionale<\/strong>, m\u00e2ine \u00eencep\u00e2nd cu ora 11.00 liceenii no\u0219tri vor avea parte de un <strong>laborator de teatru,<\/strong> \u00een care vor viziona spectacolul dedicat <strong>Unirii din 1918,<\/strong> dar vor avea \u0219i bucuria \u0219i unui act jucat de actorii <strong>Tomi Cristin, Bogdan Iacob \u0219i Valentin Paraschivu<\/strong>, c\u0103rora le vor putea pune la final c\u00e2teva \u00eentreb\u0103ri.<\/p>\n\n\n\n<p class=\"wp-block-paragraph\">Spectacolul <strong>\u00cen drum spre Iasi<\/strong>, <strong>scris \u0219i regizat de colega noastr\u0103 Ivona Boitan<\/strong>, a fost g\u00e2ndit cu ocazia <strong>Centenarului,<\/strong> fiind un proiect finan\u021bat de Ministerul Culturii, jucat ini\u021bial \u00een Bucure\u0219ti, Timi\u0219oara, Ia\u0219i, Craiova, Alba-Iulia sub deviza \u201eRom\u00e2nia mare se face cu rom\u00e2ni mari&#8221; , ulterior fiind g\u0103zduit periodic de TNB.<\/p>\n\n\n\n<p class=\"wp-block-paragraph\">Sper\u0103m ca aceast\u0103 lec\u021bie dinamic\u0103 de patriotism s\u0103 ajung\u0103 la inimile elevilor no\u0219tri, astfel \u00eenc\u00e2t s\u0103 zicem cu to\u021bii, cu sim\u021bire:<\/p>\n\n\n\n<p class=\"wp-block-paragraph\">La mul\u021bi ani, Rom\u00e2nia!<\/p>\n\n\n\n<p class=\"wp-block-paragraph\"><\/p>\n\n\n\n<figure class=\"wp-block-image size-large\"><img loading=\"lazy\" decoding=\"async\" width=\"849\" height=\"900\" src=\"https:\/\/www.anastasiapopescu.ro\/liceu\/wp-content\/uploads\/2025\/12\/590723639_1421038173360015_5943533293849377269_n-849x900.jpg\" alt=\"\" class=\"wp-image-5604\"\/><\/figure>\n","protected":false},"excerpt":{"rendered":"<p>#teatru#lectiedeistorie#mareaunire#indrumspreiasi#tomicristin#bogdaniacob#valentinparaschivu \u00cen contul Zilei Na\u021bionale, m\u00e2ine \u00eencep\u00e2nd cu ora 11.00 liceenii no\u0219tri vor avea parte de un laborator de teatru, \u00een care vor viziona spectacolul dedicat Unirii din 1918, dar vor avea \u0219i bucuria \u0219i unui act jucat de actorii Tomi Cristin, Bogdan Iacob \u0219i Valentin Paraschivu, c\u0103rora le vor putea pune la final c\u00e2teva [&hellip;]<\/p>\n","protected":false},"author":5,"featured_media":5604,"comment_status":"open","ping_status":"open","sticky":false,"template":"","format":"standard","meta":{"_et_pb_use_builder":"","_et_pb_old_content":"","_et_gb_content_width":"","_crdt_document":"","footnotes":""},"categories":[7,24,4,9],"tags":[329,327,86,10,328],"class_list":["post-5602","post","type-post","status-publish","format-standard","has-post-thumbnail","hentry","category-anunturi","category-aparitii-in-media","category-evenimente","category-prima-pagina","tag-bogdan-iacob-si-valentin-paraschivu","tag-in-drum-spre-iasi","tag-ivona-boitan","tag-liceul-pedagogic-anastasia-popescu","tag-tomi-cristin"],"_links":{"self":[{"href":"https:\/\/www.anastasiapopescu.ro\/liceu\/wp-json\/wp\/v2\/posts\/5602","targetHints":{"allow":["GET"]}}],"collection":[{"href":"https:\/\/www.anastasiapopescu.ro\/liceu\/wp-json\/wp\/v2\/posts"}],"about":[{"href":"https:\/\/www.anastasiapopescu.ro\/liceu\/wp-json\/wp\/v2\/types\/post"}],"author":[{"embeddable":true,"href":"https:\/\/www.anastasiapopescu.ro\/liceu\/wp-json\/wp\/v2\/users\/5"}],"replies":[{"embeddable":true,"href":"https:\/\/www.anastasiapopescu.ro\/liceu\/wp-json\/wp\/v2\/comments?post=5602"}],"version-history":[{"count":2,"href":"https:\/\/www.anastasiapopescu.ro\/liceu\/wp-json\/wp\/v2\/posts\/5602\/revisions"}],"predecessor-version":[{"id":5605,"href":"https:\/\/www.anastasiapopescu.ro\/liceu\/wp-json\/wp\/v2\/posts\/5602\/revisions\/5605"}],"wp:featuredmedia":[{"embeddable":true,"href":"https:\/\/www.anastasiapopescu.ro\/liceu\/wp-json\/wp\/v2\/media\/5604"}],"wp:attachment":[{"href":"https:\/\/www.anastasiapopescu.ro\/liceu\/wp-json\/wp\/v2\/media?parent=5602"}],"wp:term":[{"taxonomy":"category","embeddable":true,"href":"https:\/\/www.anastasiapopescu.ro\/liceu\/wp-json\/wp\/v2\/categories?post=5602"},{"taxonomy":"post_tag","embeddable":true,"href":"https:\/\/www.anastasiapopescu.ro\/liceu\/wp-json\/wp\/v2\/tags?post=5602"}],"curies":[{"name":"wp","href":"https:\/\/api.w.org\/{rel}","templated":true}]}}