{"id":5592,"date":"2025-12-01T22:34:05","date_gmt":"2025-12-01T19:34:05","guid":{"rendered":"https:\/\/www.anastasiapopescu.ro\/liceu\/?p=5592"},"modified":"2025-12-01T22:35:46","modified_gmt":"2025-12-01T19:35:46","slug":"la-multi-ani-romania-2","status":"publish","type":"post","link":"https:\/\/www.anastasiapopescu.ro\/liceu\/la-multi-ani-romania-2\/","title":{"rendered":"La mul\u021bi ani, Rom\u00e2nia!"},"content":{"rendered":"\n<p class=\"wp-block-paragraph\"><\/p>\n\n\n\n<p class=\"wp-block-paragraph\">S\u0103 r\u0103m\u00e2i Mare la propriu \u0219i la figurat, asta ne dorim, pentru asta cre\u0219tem, sper\u0103m noi, rom\u00e2ni mari! Curajo\u0219i, iubitori de neam, devota\u021bi tuturor <a><\/a>celor care au zidit \u00een ei, un g\u00e2nd, o idee!<\/p>\n\n\n\n<p class=\"wp-block-paragraph\">Rom\u00e2nia Mare se face cu rom\u00e2ni mari!<\/p>\n\n\n\n<p class=\"wp-block-paragraph\">PS: La Bucure\u0219ti a ie\u0219it soarele, de\u0219i prognoza era de ploaie&#8230; Slav\u0103 \u021aie, Doamne!<\/p>\n\n\n\n<p class=\"wp-block-paragraph\"><\/p>\n\n\n\n<figure class=\"wp-block-image size-large\"><img loading=\"lazy\" decoding=\"async\" width=\"900\" height=\"675\" src=\"https:\/\/www.anastasiapopescu.ro\/liceu\/wp-content\/uploads\/2025\/12\/593554887_1420948183369014_5476463225210047724_n-900x675.jpg\" alt=\"\" class=\"wp-image-5599\"\/><\/figure>\n\n\n\n<figure class=\"wp-block-gallery has-nested-images columns-default is-cropped wp-block-gallery-1 is-layout-flex wp-block-gallery-is-layout-flex\">\n<figure class=\"wp-block-image size-large\"><img loading=\"lazy\" decoding=\"async\" width=\"600\" height=\"900\" data-id=\"5593\" src=\"https:\/\/www.anastasiapopescu.ro\/liceu\/wp-content\/uploads\/2025\/12\/593722592_1420948350035664_2610785683453041387_n-600x900.jpg\" alt=\"\" class=\"wp-image-5593\"\/><\/figure>\n\n\n\n<figure class=\"wp-block-image size-large\"><img loading=\"lazy\" decoding=\"async\" width=\"600\" height=\"900\" data-id=\"5594\" src=\"https:\/\/www.anastasiapopescu.ro\/liceu\/wp-content\/uploads\/2025\/12\/592197453_1420948270035672_4360191344439057841_n-600x900.jpg\" alt=\"\" class=\"wp-image-5594\"\/><\/figure>\n\n\n\n<figure class=\"wp-block-image size-large\"><img loading=\"lazy\" decoding=\"async\" width=\"675\" height=\"900\" data-id=\"5595\" src=\"https:\/\/www.anastasiapopescu.ro\/liceu\/wp-content\/uploads\/2025\/12\/593583241_1420948390035660_5058065188404377612_n-675x900.jpg\" alt=\"\" class=\"wp-image-5595\"\/><\/figure>\n\n\n\n<figure class=\"wp-block-image size-large\"><img loading=\"lazy\" decoding=\"async\" width=\"600\" height=\"900\" data-id=\"5596\" src=\"https:\/\/www.anastasiapopescu.ro\/liceu\/wp-content\/uploads\/2025\/12\/593624167_1420948310035668_8266920316546147210_n-600x900.jpg\" alt=\"\" class=\"wp-image-5596\"\/><\/figure>\n<\/figure>\n\n\n\n<figure class=\"wp-block-image size-large\"><img loading=\"lazy\" decoding=\"async\" width=\"900\" height=\"600\" src=\"https:\/\/www.anastasiapopescu.ro\/liceu\/wp-content\/uploads\/2025\/12\/593565888_1420948233369009_7283690586479943752_n-900x600.jpg\" alt=\"\" class=\"wp-image-5598\"\/><\/figure>\n\n\n\n<figure class=\"wp-block-image size-large\"><img loading=\"lazy\" decoding=\"async\" width=\"900\" height=\"675\" src=\"https:\/\/www.anastasiapopescu.ro\/liceu\/wp-content\/uploads\/2025\/12\/593646685_1420948440035655_8051728504113789018_n-900x675.jpg\" alt=\"\" class=\"wp-image-5597\"\/><\/figure>\n","protected":false},"excerpt":{"rendered":"<p>S\u0103 r\u0103m\u00e2i Mare la propriu \u0219i la figurat, asta ne dorim, pentru asta cre\u0219tem, sper\u0103m noi, rom\u00e2ni mari! Curajo\u0219i, iubitori de neam, devota\u021bi tuturor celor care au zidit \u00een ei, un g\u00e2nd, o idee! Rom\u00e2nia Mare se face cu rom\u00e2ni mari! PS: La Bucure\u0219ti a ie\u0219it soarele, de\u0219i prognoza era de ploaie&#8230; Slav\u0103 \u021aie, Doamne!<\/p>\n","protected":false},"author":5,"featured_media":5598,"comment_status":"open","ping_status":"open","sticky":false,"template":"","format":"standard","meta":{"_et_pb_use_builder":"","_et_pb_old_content":"","_et_gb_content_width":"","_crdt_document":"","footnotes":""},"categories":[7,24,4,9],"tags":[252,10],"class_list":["post-5592","post","type-post","status-publish","format-standard","has-post-thumbnail","hentry","category-anunturi","category-aparitii-in-media","category-evenimente","category-prima-pagina","tag-1-decembrie","tag-liceul-pedagogic-anastasia-popescu"],"_links":{"self":[{"href":"https:\/\/www.anastasiapopescu.ro\/liceu\/wp-json\/wp\/v2\/posts\/5592","targetHints":{"allow":["GET"]}}],"collection":[{"href":"https:\/\/www.anastasiapopescu.ro\/liceu\/wp-json\/wp\/v2\/posts"}],"about":[{"href":"https:\/\/www.anastasiapopescu.ro\/liceu\/wp-json\/wp\/v2\/types\/post"}],"author":[{"embeddable":true,"href":"https:\/\/www.anastasiapopescu.ro\/liceu\/wp-json\/wp\/v2\/users\/5"}],"replies":[{"embeddable":true,"href":"https:\/\/www.anastasiapopescu.ro\/liceu\/wp-json\/wp\/v2\/comments?post=5592"}],"version-history":[{"count":2,"href":"https:\/\/www.anastasiapopescu.ro\/liceu\/wp-json\/wp\/v2\/posts\/5592\/revisions"}],"predecessor-version":[{"id":5601,"href":"https:\/\/www.anastasiapopescu.ro\/liceu\/wp-json\/wp\/v2\/posts\/5592\/revisions\/5601"}],"wp:featuredmedia":[{"embeddable":true,"href":"https:\/\/www.anastasiapopescu.ro\/liceu\/wp-json\/wp\/v2\/media\/5598"}],"wp:attachment":[{"href":"https:\/\/www.anastasiapopescu.ro\/liceu\/wp-json\/wp\/v2\/media?parent=5592"}],"wp:term":[{"taxonomy":"category","embeddable":true,"href":"https:\/\/www.anastasiapopescu.ro\/liceu\/wp-json\/wp\/v2\/categories?post=5592"},{"taxonomy":"post_tag","embeddable":true,"href":"https:\/\/www.anastasiapopescu.ro\/liceu\/wp-json\/wp\/v2\/tags?post=5592"}],"curies":[{"name":"wp","href":"https:\/\/api.w.org\/{rel}","templated":true}]}}