{"id":5570,"date":"2025-11-27T00:28:56","date_gmt":"2025-11-26T21:28:56","guid":{"rendered":"https:\/\/www.anastasiapopescu.ro\/liceu\/?p=5570"},"modified":"2025-11-27T00:36:17","modified_gmt":"2025-11-26T21:36:17","slug":"cartea-noastra-de-craciun-e-disponibila-la-libraria-sophia","status":"publish","type":"post","link":"https:\/\/www.anastasiapopescu.ro\/liceu\/cartea-noastra-de-craciun-e-disponibila-la-libraria-sophia\/","title":{"rendered":"Cartea noastr\u0103 de Cr\u0103ciun e disponibil\u0103 la Libr\u0103ria SOPHIA"},"content":{"rendered":"\n<p class=\"wp-block-paragraph\"><a href=\"https:\/\/www.facebook.com\/hashtag\/craciunulmincinosilor?__eep__=6&amp;__cft__[0]=AZWYizKRocVVzaLqFw8DLBlV8RO8fhmLEMU4TKZN_WqeEk36daIq_g4Yj3WcXzF0BawzE_-NPaN61ZKdTHUUcvYcYQaWLfdZSzyHTQOleQV-Epc8qAGi632Vm0bcjEx6P6X2EK1i53L4SDULYasy2xT7Wd9ia6T_iBbUmVVLMxpjZ2J7ggP6LTq2rLKSxiA4dWA&amp;__tn__=*NK-R\">#Craciunulmincinosilor<\/a><a href=\"https:\/\/www.facebook.com\/hashtag\/librariasophia?__eep__=6&amp;__cft__[0]=AZWYizKRocVVzaLqFw8DLBlV8RO8fhmLEMU4TKZN_WqeEk36daIq_g4Yj3WcXzF0BawzE_-NPaN61ZKdTHUUcvYcYQaWLfdZSzyHTQOleQV-Epc8qAGi632Vm0bcjEx6P6X2EK1i53L4SDULYasy2xT7Wd9ia6T_iBbUmVVLMxpjZ2J7ggP6LTq2rLKSxiA4dWA&amp;__tn__=*NK-R\">#librariasophia<\/a><a href=\"https:\/\/www.facebook.com\/hashtag\/editurazbor?__eep__=6&amp;__cft__[0]=AZWYizKRocVVzaLqFw8DLBlV8RO8fhmLEMU4TKZN_WqeEk36daIq_g4Yj3WcXzF0BawzE_-NPaN61ZKdTHUUcvYcYQaWLfdZSzyHTQOleQV-Epc8qAGi632Vm0bcjEx6P6X2EK1i53L4SDULYasy2xT7Wd9ia6T_iBbUmVVLMxpjZ2J7ggP6LTq2rLKSxiA4dWA&amp;__tn__=*NK-R\">#editurazbor<\/a><a href=\"https:\/\/www.facebook.com\/hashtag\/cadoucraciun?__eep__=6&amp;__cft__[0]=AZWYizKRocVVzaLqFw8DLBlV8RO8fhmLEMU4TKZN_WqeEk36daIq_g4Yj3WcXzF0BawzE_-NPaN61ZKdTHUUcvYcYQaWLfdZSzyHTQOleQV-Epc8qAGi632Vm0bcjEx6P6X2EK1i53L4SDULYasy2xT7Wd9ia6T_iBbUmVVLMxpjZ2J7ggP6LTq2rLKSxiA4dWA&amp;__tn__=*NK-R\">#cadoucraciun<\/a><\/p>\n\n\n\n<p class=\"wp-block-paragraph\">Cartea noastr\u0103 de Cr\u0103ciun e disponibil\u0103 la <a href=\"https:\/\/www.librariasophia.ro\/literatura-pentru-copii\/craciunul-mincinosilor-1982.html?fbclid=IwY2xjawOUTZFleHRuA2FlbQIxMABicmlkETBENWxEaERFcFRqODdJRUpCc3J0YwZhcHBfaWQQMjIyMDM5MTc4ODIwMDg5MgABHpxA0ZrVLT0QsvWRdf5XguZSACztgKPFUt2-bafbIK13M5tgYWcgHKfIAghO_aem_jqhZsh46Yt3COBLnQSnu-w#images-1\">Libr\u0103ria Sophia<\/a>, v\u0103 invit\u0103m s\u0103 (v)-o face\u021bi cadou. <a href=\"https:\/\/www.facebook.com\/profile.php?id=61579306034360\">Editura ZBOR<\/a> garanteaz\u0103 c\u0103 din fiecare pagin\u0103 r\u0103zbate bucuria Cr\u0103ciunului! O carte care-i \u00eenva\u021b\u0103 pe copiii de toate v\u00e2rstele c\u0103 s\u0103rb\u0103toarea aceasta nu e despre a da, sau a primi, ci despre a tr\u0103i, a sim\u021bi \u0219i a da bucuria mai departe!<\/p>\n\n\n\n<p class=\"wp-block-paragraph\"><\/p>\n\n\n\n<figure class=\"wp-block-image size-large\"><a href=\"https:\/\/www.librariasophia.ro\/literatura-pentru-copii\/craciunul-mincinosilor-1982.html?fbclid=IwY2xjawOUTZFleHRuA2FlbQIxMABicmlkETBENWxEaERFcFRqODdJRUpCc3J0YwZhcHBfaWQQMjIyMDM5MTc4ODIwMDg5MgABHpxA0ZrVLT0QsvWRdf5XguZSACztgKPFUt2-bafbIK13M5tgYWcgHKfIAghO_aem_jqhZsh46Yt3COBLnQSnu-w#images-1\"><img loading=\"lazy\" decoding=\"async\" width=\"442\" height=\"900\" src=\"https:\/\/www.anastasiapopescu.ro\/liceu\/wp-content\/uploads\/2025\/11\/1-1-442x900.jpg\" alt=\"\" class=\"wp-image-5571\"\/><\/a><\/figure>\n\n\n\n<p class=\"wp-block-paragraph\"><\/p>\n","protected":false},"excerpt":{"rendered":"<p>#Craciunulmincinosilor#librariasophia#editurazbor#cadoucraciun Cartea noastr\u0103 de Cr\u0103ciun e disponibil\u0103 la Libr\u0103ria Sophia, v\u0103 invit\u0103m s\u0103 (v)-o face\u021bi cadou. Editura ZBOR garanteaz\u0103 c\u0103 din fiecare pagin\u0103 r\u0103zbate bucuria Cr\u0103ciunului! O carte care-i \u00eenva\u021b\u0103 pe copiii de toate v\u00e2rstele c\u0103 s\u0103rb\u0103toarea aceasta nu e despre a da, sau a primi, ci despre a tr\u0103i, a sim\u021bi \u0219i a da [&hellip;]<\/p>\n","protected":false},"author":5,"featured_media":5572,"comment_status":"open","ping_status":"open","sticky":false,"template":"","format":"standard","meta":{"_et_pb_use_builder":"","_et_pb_old_content":"","_et_gb_content_width":"","_crdt_document":"","footnotes":""},"categories":[7,24,4,9],"tags":[323,10],"class_list":["post-5570","post","type-post","status-publish","format-standard","has-post-thumbnail","hentry","category-anunturi","category-aparitii-in-media","category-evenimente","category-prima-pagina","tag-craciunul-mincinosilor","tag-liceul-pedagogic-anastasia-popescu"],"_links":{"self":[{"href":"https:\/\/www.anastasiapopescu.ro\/liceu\/wp-json\/wp\/v2\/posts\/5570","targetHints":{"allow":["GET"]}}],"collection":[{"href":"https:\/\/www.anastasiapopescu.ro\/liceu\/wp-json\/wp\/v2\/posts"}],"about":[{"href":"https:\/\/www.anastasiapopescu.ro\/liceu\/wp-json\/wp\/v2\/types\/post"}],"author":[{"embeddable":true,"href":"https:\/\/www.anastasiapopescu.ro\/liceu\/wp-json\/wp\/v2\/users\/5"}],"replies":[{"embeddable":true,"href":"https:\/\/www.anastasiapopescu.ro\/liceu\/wp-json\/wp\/v2\/comments?post=5570"}],"version-history":[{"count":2,"href":"https:\/\/www.anastasiapopescu.ro\/liceu\/wp-json\/wp\/v2\/posts\/5570\/revisions"}],"predecessor-version":[{"id":5574,"href":"https:\/\/www.anastasiapopescu.ro\/liceu\/wp-json\/wp\/v2\/posts\/5570\/revisions\/5574"}],"wp:featuredmedia":[{"embeddable":true,"href":"https:\/\/www.anastasiapopescu.ro\/liceu\/wp-json\/wp\/v2\/media\/5572"}],"wp:attachment":[{"href":"https:\/\/www.anastasiapopescu.ro\/liceu\/wp-json\/wp\/v2\/media?parent=5570"}],"wp:term":[{"taxonomy":"category","embeddable":true,"href":"https:\/\/www.anastasiapopescu.ro\/liceu\/wp-json\/wp\/v2\/categories?post=5570"},{"taxonomy":"post_tag","embeddable":true,"href":"https:\/\/www.anastasiapopescu.ro\/liceu\/wp-json\/wp\/v2\/tags?post=5570"}],"curies":[{"name":"wp","href":"https:\/\/api.w.org\/{rel}","templated":true}]}}