{"id":5554,"date":"2025-11-25T23:59:00","date_gmt":"2025-11-25T20:59:00","guid":{"rendered":"https:\/\/www.anastasiapopescu.ro\/liceu\/?p=5554"},"modified":"2026-03-04T00:07:57","modified_gmt":"2026-03-03T21:07:57","slug":"fosta-noastra-eleva-sofia-jianu-actualmente-studenta-in-ultimul-an-la-sectia-limbi-si-literaturi-clasice-in-cadrul-universitatii-bucuresti","status":"publish","type":"post","link":"https:\/\/www.anastasiapopescu.ro\/liceu\/fosta-noastra-eleva-sofia-jianu-actualmente-studenta-in-ultimul-an-la-sectia-limbi-si-literaturi-clasice-in-cadrul-universitatii-bucuresti\/","title":{"rendered":"Fosta noastra elev\u0103, Sofia Jianu, actualmente student\u0103 \u00een ultimul an la sec\u021bia Limbi \u0219i Literaturi Clasice \u00een cadrul Universit\u0103\u021bii Bucure\u0219ti"},"content":{"rendered":"\n<p class=\"wp-block-paragraph\"><a href=\"https:\/\/www.facebook.com\/hashtag\/istoria?__eep__=6&amp;__cft__[0]=AZWVEsM4FhnJ7fh8MX3HhlKCDggCeyb_GPaL5h3Ixre7k-5h4vCEnStcfj_y_Gmoytvel0tmZnsU1j7XEQ_DIpQWXjzD_rWVqNGHWyNEMrj4htVs2vNXMsbilTeaXqWtEdnISK63ZsU2RqdxKbt02kDaHjGoz8-9DA_02dPsKOYwYUeaLCa7mxnNxZPfIvItns8&amp;__tn__=*NK-R\">#istoria<\/a><a href=\"https:\/\/www.facebook.com\/hashtag\/alfabetului?__eep__=6&amp;__cft__[0]=AZWVEsM4FhnJ7fh8MX3HhlKCDggCeyb_GPaL5h3Ixre7k-5h4vCEnStcfj_y_Gmoytvel0tmZnsU1j7XEQ_DIpQWXjzD_rWVqNGHWyNEMrj4htVs2vNXMsbilTeaXqWtEdnISK63ZsU2RqdxKbt02kDaHjGoz8-9DA_02dPsKOYwYUeaLCa7mxnNxZPfIvItns8&amp;__tn__=*NK-R\">#alfabetului<\/a><a href=\"https:\/\/www.facebook.com\/hashtag\/sofiajianu?__eep__=6&amp;__cft__[0]=AZWVEsM4FhnJ7fh8MX3HhlKCDggCeyb_GPaL5h3Ixre7k-5h4vCEnStcfj_y_Gmoytvel0tmZnsU1j7XEQ_DIpQWXjzD_rWVqNGHWyNEMrj4htVs2vNXMsbilTeaXqWtEdnISK63ZsU2RqdxKbt02kDaHjGoz8-9DA_02dPsKOYwYUeaLCa7mxnNxZPfIvItns8&amp;__tn__=*NK-R\">#sofiajianu<\/a><a href=\"https:\/\/www.facebook.com\/hashtag\/lunaeduca%C8%9Biei?__eep__=6&amp;__cft__[0]=AZWVEsM4FhnJ7fh8MX3HhlKCDggCeyb_GPaL5h3Ixre7k-5h4vCEnStcfj_y_Gmoytvel0tmZnsU1j7XEQ_DIpQWXjzD_rWVqNGHWyNEMrj4htVs2vNXMsbilTeaXqWtEdnISK63ZsU2RqdxKbt02kDaHjGoz8-9DA_02dPsKOYwYUeaLCa7mxnNxZPfIvItns8&amp;__tn__=*NK-R\">#lunaeduca\u021biei<\/a><\/p>\n\n\n\n<p class=\"wp-block-paragraph\"><a><\/a>Fosta noastra elev\u0103, Sofia Jianu, actualmente student\u0103 \u00een ultimul an la sec\u021bia Limbi \u0219i Literaturi Clasice \u00een cadrul Universit\u0103\u021bii Bucure\u0219ti, a \u021binut ast\u0103zi un curs despre istoria \u0219i evolu\u021bia alfabetului, nu \u00eenainte de un moment de nostalgie \u00een care a admirat afi\u0219ul de sf\u00e2r\u0219it de clasa a VIII-a, unde apare al\u0103turi de to\u021bi colegii ei! Apoi \u0219i-a intrat perfect \u00een rolul de profesoar\u0103! Copiii au fost fascina\u021bi de tot ceea ce au aflat de la ea \u0219i probabil c\u0103 vor urma alte \u00eent\u00e2lniri, la &#8222;cererea ascult\u0103torilor&#8221;. Tot ast\u0103zi a avut loc \u0219i festivitatea de premiere pentru concursul de caligrafie. \u00cencet, \u00eencet ne apropiem de finalul Lunii Educa\u021biei Cre\u0219tin-Ortodoxe, dar tr\u0103im cu satisfac\u021bia lucrului dus la bun sf\u00e2r\u0219it. N\u0103d\u0103jduim ca apoi s\u0103 punem bun \u00eenceput minunatei perioade aflate sub semnul colindelor, dedicate Na\u0219terii M\u00e2ntuitorului Hristos! Bucurie peste bucurie, care bucurie \u0219i la voi s\u0103 fie!<\/p>\n\n\n\n<p class=\"wp-block-paragraph\">Ca de obicei, fotografiile frumoase sunt semnate Robert Sandu, c\u0103ruia \u00eei mul\u021bumim!<\/p>\n\n\n\n<figure class=\"wp-block-gallery has-nested-images columns-default is-cropped wp-block-gallery-1 is-layout-flex wp-block-gallery-is-layout-flex\">\n<figure class=\"wp-block-image size-large\"><img loading=\"lazy\" decoding=\"async\" width=\"900\" height=\"600\" data-id=\"5555\" src=\"https:\/\/www.anastasiapopescu.ro\/liceu\/wp-content\/uploads\/2025\/11\/586898076_1416117510518748_8360884228316216308_n-900x600.jpg\" alt=\"\" class=\"wp-image-5555\"\/><\/figure>\n<\/figure>\n\n\n\n<figure class=\"wp-block-image size-large\"><img loading=\"lazy\" decoding=\"async\" width=\"900\" height=\"600\" src=\"https:\/\/www.anastasiapopescu.ro\/liceu\/wp-content\/uploads\/2025\/11\/588552711_1416117123852120_6806846424274559833_n-900x600.jpg\" alt=\"\" class=\"wp-image-5561\"\/><\/figure>\n\n\n\n<figure class=\"wp-block-image size-large\"><img loading=\"lazy\" decoding=\"async\" width=\"900\" height=\"600\" src=\"https:\/\/www.anastasiapopescu.ro\/liceu\/wp-content\/uploads\/2025\/11\/588522139_1416117557185410_1910680906160047157_n-900x600.jpg\" alt=\"\" class=\"wp-image-5558\"\/><\/figure>\n\n\n\n<figure class=\"wp-block-image size-large\"><img loading=\"lazy\" decoding=\"async\" width=\"900\" height=\"600\" src=\"https:\/\/www.anastasiapopescu.ro\/liceu\/wp-content\/uploads\/2025\/11\/588620942_1416117300518769_4640286200621061424_n-900x600.jpg\" alt=\"\" class=\"wp-image-5563\"\/><\/figure>\n\n\n\n<figure class=\"wp-block-image size-large\"><img loading=\"lazy\" decoding=\"async\" width=\"900\" height=\"600\" src=\"https:\/\/www.anastasiapopescu.ro\/liceu\/wp-content\/uploads\/2025\/11\/588088895_1416117257185440_1735466090738758520_n-900x600.jpg\" alt=\"\" class=\"wp-image-5556\"\/><\/figure>\n\n\n\n<figure class=\"wp-block-gallery has-nested-images columns-default is-cropped wp-block-gallery-2 is-layout-flex wp-block-gallery-is-layout-flex\">\n<figure class=\"wp-block-image size-large\"><img decoding=\"async\" data-id=\"5559\" src=\"https:\/\/www.anastasiapopescu.ro\/liceu\/wp-content\/uploads\/2025\/11\/588531704_1416117063852126_3119966378006353189_n-1-600x900.jpg\" alt=\"\" class=\"wp-image-5559\"\/><\/figure>\n\n\n\n<figure class=\"wp-block-image size-large\"><img loading=\"lazy\" decoding=\"async\" width=\"600\" height=\"900\" data-id=\"5557\" src=\"https:\/\/www.anastasiapopescu.ro\/liceu\/wp-content\/uploads\/2025\/11\/588540424_1416117400518759_7158477966288997591_n-600x900.jpg\" alt=\"\" class=\"wp-image-5557\"\/><\/figure>\n\n\n\n<figure class=\"wp-block-image size-large\"><img loading=\"lazy\" decoding=\"async\" width=\"636\" height=\"900\" data-id=\"5562\" src=\"https:\/\/www.anastasiapopescu.ro\/liceu\/wp-content\/uploads\/2025\/11\/588617897_1416117617185404_4143902424764407947_n-636x900.jpg\" alt=\"\" class=\"wp-image-5562\"\/><\/figure>\n\n\n\n<figure class=\"wp-block-image size-large\"><img loading=\"lazy\" decoding=\"async\" width=\"600\" height=\"900\" data-id=\"5564\" src=\"https:\/\/www.anastasiapopescu.ro\/liceu\/wp-content\/uploads\/2025\/11\/588859106_1416117173852115_8545641740974132659_n-600x900.jpg\" alt=\"\" class=\"wp-image-5564\"\/><\/figure>\n\n\n\n<figure class=\"wp-block-image size-large\"><img loading=\"lazy\" decoding=\"async\" width=\"600\" height=\"900\" data-id=\"5565\" src=\"https:\/\/www.anastasiapopescu.ro\/liceu\/wp-content\/uploads\/2025\/11\/589364757_1416117013852131_4940277917720990282_n-600x900.jpg\" alt=\"\" class=\"wp-image-5565\"\/><\/figure>\n\n\n\n<figure class=\"wp-block-image size-large\"><img loading=\"lazy\" decoding=\"async\" width=\"900\" height=\"600\" data-id=\"5567\" src=\"https:\/\/www.anastasiapopescu.ro\/liceu\/wp-content\/uploads\/2025\/11\/590208442_1416117223852110_5039704693739688354_n-900x600.jpg\" alt=\"\" class=\"wp-image-5567\"\/><\/figure>\n\n\n\n<figure class=\"wp-block-image size-large\"><img loading=\"lazy\" decoding=\"async\" width=\"900\" height=\"600\" data-id=\"5568\" src=\"https:\/\/www.anastasiapopescu.ro\/liceu\/wp-content\/uploads\/2025\/11\/590301267_1416117350518764_8200948477982262397_n-900x600.jpg\" alt=\"\" class=\"wp-image-5568\"\/><\/figure>\n<\/figure>\n\n\n\n<figure class=\"wp-block-image size-large\"><img loading=\"lazy\" decoding=\"async\" width=\"900\" height=\"600\" src=\"https:\/\/www.anastasiapopescu.ro\/liceu\/wp-content\/uploads\/2025\/11\/589859151_1416117440518755_4579388402964947472_n-900x600.jpg\" alt=\"\" class=\"wp-image-5566\"\/><\/figure>\n","protected":false},"excerpt":{"rendered":"<p>#istoria#alfabetului#sofiajianu#lunaeduca\u021biei Fosta noastra elev\u0103, Sofia Jianu, actualmente student\u0103 \u00een ultimul an la sec\u021bia Limbi \u0219i Literaturi Clasice \u00een cadrul Universit\u0103\u021bii Bucure\u0219ti, a \u021binut ast\u0103zi un curs despre istoria \u0219i evolu\u021bia alfabetului, nu \u00eenainte de un moment de nostalgie \u00een care a admirat afi\u0219ul de sf\u00e2r\u0219it de clasa a VIII-a, unde apare al\u0103turi de to\u021bi colegii [&hellip;]<\/p>\n","protected":false},"author":5,"featured_media":5559,"comment_status":"open","ping_status":"open","sticky":false,"template":"","format":"standard","meta":{"_et_pb_use_builder":"","_et_pb_old_content":"","_et_gb_content_width":"","_crdt_document":"","footnotes":""},"categories":[4,9],"tags":[10,322],"class_list":["post-5554","post","type-post","status-publish","format-standard","has-post-thumbnail","hentry","category-evenimente","category-prima-pagina","tag-liceul-pedagogic-anastasia-popescu","tag-sofia-jianu"],"_links":{"self":[{"href":"https:\/\/www.anastasiapopescu.ro\/liceu\/wp-json\/wp\/v2\/posts\/5554","targetHints":{"allow":["GET"]}}],"collection":[{"href":"https:\/\/www.anastasiapopescu.ro\/liceu\/wp-json\/wp\/v2\/posts"}],"about":[{"href":"https:\/\/www.anastasiapopescu.ro\/liceu\/wp-json\/wp\/v2\/types\/post"}],"author":[{"embeddable":true,"href":"https:\/\/www.anastasiapopescu.ro\/liceu\/wp-json\/wp\/v2\/users\/5"}],"replies":[{"embeddable":true,"href":"https:\/\/www.anastasiapopescu.ro\/liceu\/wp-json\/wp\/v2\/comments?post=5554"}],"version-history":[{"count":1,"href":"https:\/\/www.anastasiapopescu.ro\/liceu\/wp-json\/wp\/v2\/posts\/5554\/revisions"}],"predecessor-version":[{"id":5569,"href":"https:\/\/www.anastasiapopescu.ro\/liceu\/wp-json\/wp\/v2\/posts\/5554\/revisions\/5569"}],"wp:featuredmedia":[{"embeddable":true,"href":"https:\/\/www.anastasiapopescu.ro\/liceu\/wp-json\/wp\/v2\/media\/5559"}],"wp:attachment":[{"href":"https:\/\/www.anastasiapopescu.ro\/liceu\/wp-json\/wp\/v2\/media?parent=5554"}],"wp:term":[{"taxonomy":"category","embeddable":true,"href":"https:\/\/www.anastasiapopescu.ro\/liceu\/wp-json\/wp\/v2\/categories?post=5554"},{"taxonomy":"post_tag","embeddable":true,"href":"https:\/\/www.anastasiapopescu.ro\/liceu\/wp-json\/wp\/v2\/tags?post=5554"}],"curies":[{"name":"wp","href":"https:\/\/api.w.org\/{rel}","templated":true}]}}