{"id":5548,"date":"2025-11-25T23:56:52","date_gmt":"2025-11-25T20:56:52","guid":{"rendered":"https:\/\/www.anastasiapopescu.ro\/liceu\/?p=5548"},"modified":"2025-11-26T23:58:32","modified_gmt":"2025-11-26T20:58:32","slug":"elevii-din-sectorul-1-au-sarbatorit-si-ei-desigur-ziua-liceului","status":"publish","type":"post","link":"https:\/\/www.anastasiapopescu.ro\/liceu\/elevii-din-sectorul-1-au-sarbatorit-si-ei-desigur-ziua-liceului\/","title":{"rendered":"Elevii din Sectorul 1 au s\u0103rb\u0103torit \u0219i ei, desigur, Ziua Liceului"},"content":{"rendered":"\n<p class=\"wp-block-paragraph\">Elevii din Sectorul 1 au s\u0103rb\u0103torit \u0219i ei, desigur, Ziua Liceului \u0219i s-au manifestat cu mult\u0103 creativitate \u0219i bucurie! Au f\u0103cut o inim\u0103 mare ca pentru Maica Domnului <a><\/a>\u0219i to\u021bi profesorii \u0219i ostenitorii Liceului, o inim\u0103 care bate pentru un viitor mai educat \u0219i mai distins!<\/p>\n\n\n\n<p class=\"wp-block-paragraph\">V\u0103 l\u0103s\u0103m c\u00e2teva dovezi!<\/p>\n\n\n\n<figure class=\"wp-block-image size-large\"><img decoding=\"async\" src=\"https:\/\/www.anastasiapopescu.ro\/liceu\/wp-content\/uploads\/2025\/11\/590011680_1416032350527264_2087331411575369471_n-675x900.jpg\" alt=\"\" class=\"wp-image-5549\"\/><\/figure>\n\n\n\n<figure class=\"wp-block-image size-large\"><img loading=\"lazy\" decoding=\"async\" width=\"900\" height=\"675\" src=\"https:\/\/www.anastasiapopescu.ro\/liceu\/wp-content\/uploads\/2025\/11\/588444006_1416032477193918_2319924381840611677_n-900x675.jpg\" alt=\"\" class=\"wp-image-5550\"\/><\/figure>\n\n\n\n<figure class=\"wp-block-image size-large\"><img loading=\"lazy\" decoding=\"async\" width=\"506\" height=\"900\" src=\"https:\/\/www.anastasiapopescu.ro\/liceu\/wp-content\/uploads\/2025\/11\/588455530_1416032613860571_744209374803045671_n-506x900.jpg\" alt=\"\" class=\"wp-image-5551\" srcset=\"https:\/\/www.anastasiapopescu.ro\/liceu\/wp-content\/uploads\/2025\/11\/588455530_1416032613860571_744209374803045671_n-506x900.jpg 506w, https:\/\/www.anastasiapopescu.ro\/liceu\/wp-content\/uploads\/2025\/11\/588455530_1416032613860571_744209374803045671_n-480x853.jpg 480w\" sizes=\"(min-width: 0px) and (max-width: 480px) 480px, (min-width: 481px) 506px, 100vw\" \/><\/figure>\n\n\n\n<figure class=\"wp-block-image size-large\"><img loading=\"lazy\" decoding=\"async\" width=\"900\" height=\"675\" src=\"https:\/\/www.anastasiapopescu.ro\/liceu\/wp-content\/uploads\/2025\/11\/588711429_1416032427193923_6910459718559531223_n-900x675.jpg\" alt=\"\" class=\"wp-image-5552\"\/><\/figure>\n\n\n","protected":false},"excerpt":{"rendered":"<p>Elevii din Sectorul 1 au s\u0103rb\u0103torit \u0219i ei, desigur, Ziua Liceului \u0219i s-au manifestat cu mult\u0103 creativitate \u0219i bucurie! Au f\u0103cut o inim\u0103 mare ca pentru Maica Domnului \u0219i to\u021bi profesorii \u0219i ostenitorii Liceului, o inim\u0103 care bate pentru un viitor mai educat \u0219i mai distins! V\u0103 l\u0103s\u0103m c\u00e2teva dovezi!<\/p>\n","protected":false},"author":5,"featured_media":5549,"comment_status":"open","ping_status":"open","sticky":false,"template":"","format":"standard","meta":{"_et_pb_use_builder":"","_et_pb_old_content":"","_et_gb_content_width":"","_crdt_document":"","footnotes":""},"categories":[7,4,9],"tags":[321],"class_list":["post-5548","post","type-post","status-publish","format-standard","has-post-thumbnail","hentry","category-anunturi","category-evenimente","category-prima-pagina","tag-liceul-pedagogic-anastasia-popescu-ziua-scolii"],"_links":{"self":[{"href":"https:\/\/www.anastasiapopescu.ro\/liceu\/wp-json\/wp\/v2\/posts\/5548","targetHints":{"allow":["GET"]}}],"collection":[{"href":"https:\/\/www.anastasiapopescu.ro\/liceu\/wp-json\/wp\/v2\/posts"}],"about":[{"href":"https:\/\/www.anastasiapopescu.ro\/liceu\/wp-json\/wp\/v2\/types\/post"}],"author":[{"embeddable":true,"href":"https:\/\/www.anastasiapopescu.ro\/liceu\/wp-json\/wp\/v2\/users\/5"}],"replies":[{"embeddable":true,"href":"https:\/\/www.anastasiapopescu.ro\/liceu\/wp-json\/wp\/v2\/comments?post=5548"}],"version-history":[{"count":1,"href":"https:\/\/www.anastasiapopescu.ro\/liceu\/wp-json\/wp\/v2\/posts\/5548\/revisions"}],"predecessor-version":[{"id":5553,"href":"https:\/\/www.anastasiapopescu.ro\/liceu\/wp-json\/wp\/v2\/posts\/5548\/revisions\/5553"}],"wp:featuredmedia":[{"embeddable":true,"href":"https:\/\/www.anastasiapopescu.ro\/liceu\/wp-json\/wp\/v2\/media\/5549"}],"wp:attachment":[{"href":"https:\/\/www.anastasiapopescu.ro\/liceu\/wp-json\/wp\/v2\/media?parent=5548"}],"wp:term":[{"taxonomy":"category","embeddable":true,"href":"https:\/\/www.anastasiapopescu.ro\/liceu\/wp-json\/wp\/v2\/categories?post=5548"},{"taxonomy":"post_tag","embeddable":true,"href":"https:\/\/www.anastasiapopescu.ro\/liceu\/wp-json\/wp\/v2\/tags?post=5548"}],"curies":[{"name":"wp","href":"https:\/\/api.w.org\/{rel}","templated":true}]}}