{"id":5532,"date":"2025-11-24T23:29:58","date_gmt":"2025-11-24T20:29:58","guid":{"rendered":"https:\/\/www.anastasiapopescu.ro\/liceu\/?p=5532"},"modified":"2026-03-04T00:08:14","modified_gmt":"2026-03-03T21:08:14","slug":"azi-am-sarbatorit-ziua-lui-fibonacci-23-11-intr-un-stil-interdisciplinar-exact-asa-cum-ne-place-cu-teatru-pictura-dans-si-un-concurs-de-calcul-mintal","status":"publish","type":"post","link":"https:\/\/www.anastasiapopescu.ro\/liceu\/azi-am-sarbatorit-ziua-lui-fibonacci-23-11-intr-un-stil-interdisciplinar-exact-asa-cum-ne-place-cu-teatru-pictura-dans-si-un-concurs-de-calcul-mintal\/","title":{"rendered":"Azi am s\u0103rb\u0103torit Ziua lui Fibonacci (23.11), \u00eentr-un stil interdisciplinar, exact a\u0219a cum ne place: cu teatru, pictur\u0103, dans \u0219i un concurs de calcul mintal."},"content":{"rendered":"\n<p class=\"wp-block-paragraph\"><\/p>\n\n\n\n<p class=\"wp-block-paragraph\">Azi am s\u0103rb\u0103torit Ziua lui Fibonacci (23.11), \u00eentr-un stil interdisciplinar, exact a\u0219a cum ne place: cu teatru, pictur\u0103, dans \u0219i un concurs de calcul mintal. \u0218i, <a><\/a>desigur, nu au lipsit nici referatele \u0219tiin\u021bifice. <img loading=\"lazy\" decoding=\"async\" height=\"16\" width=\"16\" alt=\"\ud83d\udcda\" src=\"https:\/\/static.xx.fbcdn.net\/images\/emoji.php\/v9\/t49\/1\/16\/1f4da.png\"><\/p>\n\n\n\n<p class=\"wp-block-paragraph\">Unul dintre momentele neprev\u0103zute \u00een program a venit chiar de la fotograful invitat. La final ne-a m\u0103rturisit: \u201eNu \u0219tiam despre leg\u0103tura dintre Mona Lisa \u0219i num\u0103rul de aur. Dar eu folosesc permanent dreptunghiul de aur \u00een fotografie, a\u0219a ne-au \u00eenv\u0103\u021bat la \u0219coala de fotografie.\u201d E at\u00e2t de frumos cum arta, \u0219tiin\u021ba \u0219i matematica se \u00eent\u00e2lnesc firesc \u00een via\u021ba cuiva. Alt lucru inedit a fost un tricou cu spirala lui Fibonacci, cusut manual de trei eleve.<\/p>\n\n\n\n<p class=\"wp-block-paragraph\">Text: prof. Alina Elena Grecu<\/p>\n\n\n\n<p class=\"wp-block-paragraph\"><\/p>\n\n\n\n<figure class=\"wp-block-image size-large\"><img loading=\"lazy\" decoding=\"async\" width=\"900\" height=\"675\" src=\"https:\/\/www.anastasiapopescu.ro\/liceu\/wp-content\/uploads\/2025\/11\/586376251_1415402373923595_7849458094107326407_n-900x675.jpg\" alt=\"\" class=\"wp-image-5534\"\/><\/figure>\n\n\n\n<figure class=\"wp-block-image size-large\"><img loading=\"lazy\" decoding=\"async\" width=\"900\" height=\"860\" src=\"https:\/\/www.anastasiapopescu.ro\/liceu\/wp-content\/uploads\/2025\/11\/589115767_1415402237256942_7171024808451685884_n-900x860.jpg\" alt=\"\" class=\"wp-image-5535\"\/><\/figure>\n\n\n\n<figure class=\"wp-block-image size-large\"><img loading=\"lazy\" decoding=\"async\" width=\"675\" height=\"900\" src=\"https:\/\/www.anastasiapopescu.ro\/liceu\/wp-content\/uploads\/2025\/11\/589558666_1415402160590283_405188923841119153_n-675x900.jpg\" alt=\"\" class=\"wp-image-5536\"\/><\/figure>\n\n\n\n<figure class=\"wp-block-image size-large\"><img loading=\"lazy\" decoding=\"async\" width=\"900\" height=\"763\" src=\"https:\/\/www.anastasiapopescu.ro\/liceu\/wp-content\/uploads\/2025\/11\/589265828_1415402303923602_5286734398833996_n-900x763.jpg\" alt=\"\" class=\"wp-image-5537\"\/><\/figure>\n","protected":false},"excerpt":{"rendered":"<p>Azi am s\u0103rb\u0103torit Ziua lui Fibonacci (23.11), \u00eentr-un stil interdisciplinar, exact a\u0219a cum ne place: cu teatru, pictur\u0103, dans \u0219i un concurs de calcul mintal. \u0218i, desigur, nu au lipsit nici referatele \u0219tiin\u021bifice. Unul dintre momentele neprev\u0103zute \u00een program a venit chiar de la fotograful invitat. La final ne-a m\u0103rturisit: \u201eNu \u0219tiam despre leg\u0103tura dintre [&hellip;]<\/p>\n","protected":false},"author":5,"featured_media":5534,"comment_status":"open","ping_status":"open","sticky":false,"template":"","format":"standard","meta":{"_et_pb_use_builder":"","_et_pb_old_content":"","_et_gb_content_width":"","_crdt_document":"","footnotes":""},"categories":[24,4,9],"tags":[10,320],"class_list":["post-5532","post","type-post","status-publish","format-standard","has-post-thumbnail","hentry","category-aparitii-in-media","category-evenimente","category-prima-pagina","tag-liceul-pedagogic-anastasia-popescu","tag-ziua-lui-fibonacci"],"_links":{"self":[{"href":"https:\/\/www.anastasiapopescu.ro\/liceu\/wp-json\/wp\/v2\/posts\/5532","targetHints":{"allow":["GET"]}}],"collection":[{"href":"https:\/\/www.anastasiapopescu.ro\/liceu\/wp-json\/wp\/v2\/posts"}],"about":[{"href":"https:\/\/www.anastasiapopescu.ro\/liceu\/wp-json\/wp\/v2\/types\/post"}],"author":[{"embeddable":true,"href":"https:\/\/www.anastasiapopescu.ro\/liceu\/wp-json\/wp\/v2\/users\/5"}],"replies":[{"embeddable":true,"href":"https:\/\/www.anastasiapopescu.ro\/liceu\/wp-json\/wp\/v2\/comments?post=5532"}],"version-history":[{"count":1,"href":"https:\/\/www.anastasiapopescu.ro\/liceu\/wp-json\/wp\/v2\/posts\/5532\/revisions"}],"predecessor-version":[{"id":5538,"href":"https:\/\/www.anastasiapopescu.ro\/liceu\/wp-json\/wp\/v2\/posts\/5532\/revisions\/5538"}],"wp:featuredmedia":[{"embeddable":true,"href":"https:\/\/www.anastasiapopescu.ro\/liceu\/wp-json\/wp\/v2\/media\/5534"}],"wp:attachment":[{"href":"https:\/\/www.anastasiapopescu.ro\/liceu\/wp-json\/wp\/v2\/media?parent=5532"}],"wp:term":[{"taxonomy":"category","embeddable":true,"href":"https:\/\/www.anastasiapopescu.ro\/liceu\/wp-json\/wp\/v2\/categories?post=5532"},{"taxonomy":"post_tag","embeddable":true,"href":"https:\/\/www.anastasiapopescu.ro\/liceu\/wp-json\/wp\/v2\/tags?post=5532"}],"curies":[{"name":"wp","href":"https:\/\/api.w.org\/{rel}","templated":true}]}}