{"id":5521,"date":"2025-11-23T00:39:47","date_gmt":"2025-11-22T21:39:47","guid":{"rendered":"https:\/\/www.anastasiapopescu.ro\/liceu\/?p=5521"},"modified":"2026-03-04T00:08:30","modified_gmt":"2026-03-03T21:08:30","slug":"prima-restrictionare-a-conturilor-de-retele-sociale-online-pentru-copiii-sub-16-ani-din-lume-pusa-in-aplicare-in-australia-din-10-decembrie-departamentul-pentru-educatie-le-transmite-scolilor-ca-v","status":"publish","type":"post","link":"https:\/\/www.anastasiapopescu.ro\/liceu\/prima-restrictionare-a-conturilor-de-retele-sociale-online-pentru-copiii-sub-16-ani-din-lume-pusa-in-aplicare-in-australia-din-10-decembrie-departamentul-pentru-educatie-le-transmite-scolilor-ca-v\/","title":{"rendered":"Prima restric\u021bionare a conturilor de re\u021bele sociale online pentru copiii sub 16 ani, din lume, pus\u0103 \u00een aplicare \u00een Australia din 10 decembrie \/ Departamentul pentru Educa\u021bie le transmite \u0219colilor c\u0103 vor trebui s\u0103 g\u0103seasc\u0103 metode alternative de comunicare cu elevii \u0219i p\u0103rin\u021bii"},"content":{"rendered":"\n<figure class=\"wp-block-image size-medium is-resized\"><a href=\"https:\/\/www.edupedu.ro\/prima-restrictionare-a-conturilor-de-retele-sociale-online-pentru-copiii-sub-16-ani-din-lume-pusa-in-aplicare-in-australia-din-10-decembrie-departamentul-pentru-educatie-le-transmite-scolilor-ca-v\/\"><img loading=\"lazy\" decoding=\"async\" width=\"320\" height=\"280\" src=\"https:\/\/www.anastasiapopescu.ro\/liceu\/wp-content\/uploads\/2025\/11\/dreamstime_s_50011315-1-320x280.jpg\" alt=\"\" class=\"wp-image-5528\" style=\"width:408px;height:auto\"\/><\/a><\/figure>\n\n\n\n<h5 class=\"wp-block-heading\" id=\"australia-devine-prima-tara-din-lume-care-interzice-accesul-persoanelor-sub-16-ani-la-platformele-de-social-media-din-data-de-10-decembrie-guvernul-australian-obliga-companiile-de-retele-de-socializ\">       Un articol de <a href=\"https:\/\/www.edupedu.ro\/author\/karina\/\">Karina Doroban\u021bu<\/a>, 21 noiembrie 2025<\/h5>\n\n\n\n<p class=\"wp-block-paragraph\" id=\"australia-devine-prima-tara-din-lume-care-interzice-accesul-persoanelor-sub-16-ani-la-platformele-de-social-media-din-data-de-10-decembrie-guvernul-australian-obliga-companiile-de-retele-de-socializ\">Surs\u0103: <a href=\"https:\/\/www.edupedu.ro\/prima-restrictionare-a-conturilor-de-retele-sociale-online-pentru-copiii-sub-16-ani-din-lume-pusa-in-aplicare-in-australia-din-10-decembrie-departamentul-pentru-educatie-le-transmite-scolilor-ca-v\/\">https:\/\/www.edupedu.ro\/prima-restrictionare-a-conturilor-de-retele-sociale-online-pentru-copiii-sub-16-ani-din-lume-pusa-in-aplicare-in-australia-din-10-decembrie-departamentul-pentru-educatie-le-transmite-scolilor-ca-v\/<\/a><\/p>\n\n\n\n<p class=\"wp-block-paragraph\" id=\"australia-devine-prima-tara-din-lume-care-interzice-accesul-persoanelor-sub-16-ani-la-platformele-de-social-media-din-data-de-10-decembrie-guvernul-australian-obliga-companiile-de-retele-de-socializ\"><\/p>\n\n\n\n<p class=\"wp-block-paragraph\" id=\"australia-devine-prima-tara-din-lume-care-interzice-accesul-persoanelor-sub-16-ani-la-platformele-de-social-media-din-data-de-10-decembrie-guvernul-australian-obliga-companiile-de-retele-de-socializ\">Australia devine prima \u021bar\u0103 din lume care interzice accesul persoanelor sub 16 ani la platformele de social media, din data de 10 decembrie. Guvernul australian oblig\u0103 companiile de re\u021bele de socializare s\u0103 implementeze verific\u0103ri stricte ale v\u00e2rstei \u0219i s\u0103 \u0219tearg\u0103 conturile minorilor, potrivit\u00a0<a href=\"https:\/\/www.bbc.com\/news\/articles\/cwyp9d3ddqyo\" target=\"_blank\" rel=\"noreferrer noopener\">BBC News<\/a>. \u0218colile \u0219i profesorii ar trebui s\u0103 comunice \u00een alte moduri, dac\u0103 cele folosite \u00een prezent sunt afectate de aceste m\u0103suri, potrivit\u00a0<a href=\"https:\/\/www.esafety.gov.au\/educators\/social-media-age-restrictions#quick-facts\" target=\"_blank\" rel=\"noreferrer noopener\">Departamentului pentru Educa\u021bie din Australia<\/a>.<\/p>\n\n\n\n<ul class=\"wp-block-list\">\n<li>Guvernul australian afirm\u0103 c\u0103 politica are scopul de a reduce presiunile psihologice \u0219i expunerea copiilor la con\u021binut d\u0103un\u0103tor, cum ar fi misoginismul, materialele care promoveaz\u0103 anumite comportamente alimentare nefaste.<\/li>\n<\/ul>\n\n\n\n<p class=\"wp-block-paragraph\">Cel pu\u021bin zece platforme vor fi incluse \u00een interdic\u021bie: Facebook, Instagram, Snapchat, Threads, TikTok, X, YouTube, Reddit \u0219i platformele de streaming Kick \u0219i Twitch, potrivit sursei. Guvernul ar putea extinde interdic\u021bia la jocurile online. Platforme de jocuri precum Roblox \u0219i Discord&nbsp;<a href=\"https:\/\/www.bbc.com\/news\/articles\/c2lp5pn9e1qo\" target=\"_blank\" rel=\"noreferrer noopener\">au introdus recent verific\u0103ri ale v\u00e2rstei<\/a>&nbsp;pentru unele func\u021bii, \u00eentr-o \u00eencercare aparent\u0103 de a evita includerea \u00een interdic\u021bie.<\/p>\n\n\n\n<p class=\"wp-block-paragraph\">Guvernul a anun\u021bat c\u0103 va continua s\u0103 revizuiasc\u0103 lista platformelor cu interdic\u021bii \u0219i va lua \u00een considerare trei criterii principale \u00een acest sens: primul criteriu este dac\u0103 permit utilizatorilor s\u0103 interac\u021bioneze cu unii sau cu to\u021bi ceilal\u021bi utilizatori, al doilea este dac\u0103 permite interac\u021biunea online \u00eentre doi sau mai mul\u021bi utilizatori, iar al treilea este dac\u0103 permite utilizatorilor \u0219i dac\u0103 permit s\u0103 posteze materiale.<\/p>\n\n\n\n<p class=\"wp-block-paragraph\"><a href=\"https:\/\/www.esafety.gov.au\/about-us\/industry-regulation\/social-media-age-restrictions\/which-platforms-are-age-restricted\" target=\"_blank\" rel=\"noreferrer noopener\">Potrivit institu\u021biei de reglementare,<\/a>&nbsp;acestea sunt YouTube Kids, Google Classroom \u0219i WhatsApp, Lego PLay, GitHub, Discord, Roblox, Pinterest, Messenger nu sunt incluse, deoarece s-a considerat c\u0103 nu \u00eendeplinesc aceste criterii. De asemenea, copiii vor putea \u00een continuare s\u0103 vizioneze majoritatea con\u021binutului pe platforme precum YouTube, care nu necesit\u0103 un cont.<\/p>\n\n\n\n<p class=\"wp-block-paragraph\">Copiii \u0219i p\u0103rin\u021bii nu vor fi pedepsi\u021bi pentru \u00eenc\u0103lcarea interdic\u021biei, potrivit BBC News \u2013 companiile de socializare sunt \u00eens\u0103rcinate cu aplicarea acesteia, iar acestea risc\u0103 amenzi de p\u00e2n\u0103 la 49,5 milioane de dolari (32 de milioane de dolari americani, 25 de milioane de lire sterline) pentru \u00eenc\u0103lc\u0103ri grave sau repetate, potrivit sursei citate.<\/p>\n\n\n\n<p class=\"wp-block-paragraph\">Guvernul spune c\u0103 aceste companii trebuie s\u0103 ia \u201em\u0103suri rezonabile\u201d pentru a \u021bine copiii departe de platformele lor \u0219i s\u0103 utilizeze tehnologii de verificare a v\u00e2rstei \u2013 f\u0103r\u0103 a specifica care sunt acestea.<\/p>\n\n\n\n<p class=\"wp-block-paragraph\">Meta, care de\u021bine Facebook, Instagram \u0219i Threads,&nbsp;<a href=\"https:\/\/www.bbc.com\/news\/articles\/cz919xyx7weo\" target=\"_blank\" rel=\"noreferrer noopener\">a anun\u021bat<\/a>&nbsp;c\u0103 va \u00eencepe s\u0103 \u00eenchid\u0103 conturile adolescen\u021bilor \u00eencep\u00e2nd cu 4 decembrie. Cei exclu\u0219i din gre\u0219eal\u0103 ar putea folosi un act de identitate oficial sau ar putea furniza un selfie video pentru a-\u0219i verifica v\u00e2rsta, a declarat compania.<\/p>\n\n\n\n<p class=\"wp-block-paragraph\">Celelalte platforme afectate nu au anun\u021bat \u00eenc\u0103 cum vor respecta interdic\u021bia.<\/p>\n\n\n\n<p class=\"wp-block-paragraph\">Departamentul pentru Educa\u021bie al Guvernului Australian le transmite profesorilor c\u00e2teva sfaturi referitoare la m\u0103sur\u0103.<\/p>\n\n\n\n<h5 class=\"wp-block-heading\" id=\"ce-le-transmite-departamentul-pentru-educatie-din-australia-profesorilor\"><a href=\"https:\/\/www.esafety.gov.au\/educators\/social-media-age-restrictions#quick-facts\" target=\"_blank\" rel=\"noreferrer noopener\">Ce le transmite Departamentul pentru Educa\u021bie<\/a>&nbsp;din Australia profesorilor<\/h5>\n\n\n\n<p class=\"wp-block-paragraph\">Profesorilor li se recomand\u0103: s\u0103 explice elevilor de ce exist\u0103 restric\u021biile de v\u00e2rst\u0103 pe re\u021belele social, s\u0103 discute despre beneficiile \u0219i riscurile platformelor sociale \u0219i s\u0103 ajute elevii s\u0103 \u00een\u021beleag\u0103 importan\u021ba cererii de ajutor dac\u0103 se confrunt\u0103 cu probleme online. Ministerul subliniaz\u0103 c\u0103 o comunicare clar\u0103 cu elevii \u0219i familiile acestora este esen\u021bial\u0103, iar profesorii trebuie s\u0103 modeleze comportamente online sigure \u0219i pozitive. Acestora li se recomand\u0103 s\u0103 verifice: politicile \u0219i procedurile \u0219colii pentru a afla exact ce pot sau nu pot face, inclusiv folosirea propriilor conturi pentru a distribui materiale educa\u021bionale. Pentru c\u0103 elevii sub 16 ani nu vor putea avea conturi pe anumite platforme, \u0219colile \u0219i profesorii ar putea avea nevoie s\u0103 foloseasc\u0103 instrumente educa\u021bionale permise (ex. Google Classroom, YouTube Kids) sau alte sisteme de comunicare cu elevii \u0219i p\u0103rin\u021bii. De asemenea, profesorii sunt \u00eencuraja\u021bi s\u0103 participe la webinarii care s\u0103 \u00eei ajute s\u0103 le explice elevilor pe \u00een\u021belesul lor restric\u021biile.<\/p>\n\n\n\n<p class=\"wp-block-paragraph\"><\/p>\n\n\n\n<figure class=\"wp-block-gallery has-nested-images columns-default is-cropped wp-block-gallery-1 is-layout-flex wp-block-gallery-is-layout-flex\">\n<figure class=\"wp-block-image size-medium\"><img loading=\"lazy\" decoding=\"async\" width=\"320\" height=\"320\" data-id=\"5525\" src=\"https:\/\/www.anastasiapopescu.ro\/liceu\/wp-content\/uploads\/2025\/11\/585551955_1126529586304464_5365693221579189956_n-768x768-2-320x320.jpg\" alt=\"\" class=\"wp-image-5525\"\/><\/figure>\n\n\n\n<figure class=\"wp-block-image size-medium\"><img loading=\"lazy\" decoding=\"async\" width=\"320\" height=\"320\" data-id=\"5526\" src=\"https:\/\/www.anastasiapopescu.ro\/liceu\/wp-content\/uploads\/2025\/11\/586747677_1126529539637802_5102176078409373384_n-768x768-2-320x320.jpg\" alt=\"\" class=\"wp-image-5526\"\/><\/figure>\n<\/figure>\n\n\n\n<p class=\"wp-block-paragraph\">Surs\u0103 foto: Departamentul pentru Educa\u021bie din Australia<\/p>\n\n\n\n<p class=\"wp-block-paragraph\"><a href=\"https:\/\/www.edupedu.ro\/prima-restrictionare-a-conturilor-de-retele-sociale-online-pentru-copiii-sub-16-ani-din-lume-pusa-in-aplicare-in-australia-din-10-decembrie-departamentul-pentru-educatie-le-transmite-scolilor-ca-v\/\">Citi\u021bi mai mult:  <\/a><\/p>\n\n\n\n<p class=\"wp-block-paragraph\"><a href=\"https:\/\/www.edupedu.ro\/prima-restrictionare-a-conturilor-de-retele-sociale-online-pentru-copiii-sub-16-ani-din-lume-pusa-in-aplicare-in-australia-din-10-decembrie-departamentul-pentru-educatie-le-transmite-scolilor-ca-v\/\" target=\"_blank\" rel=\"noreferrer noopener\">https:\/\/www.edupedu.ro\/prima-restrictionare-a-conturilor-de-retele-sociale-online-pentru-copiii-sub-16-ani-din-lume-pusa-in-aplicare-in-australia-din-10-decembrie-departamentul-pentru-educatie-le-transmite-scolilor-ca-v\/<\/a><\/p>\n","protected":false},"excerpt":{"rendered":"<p>Un articol de Karina Doroban\u021bu, 21 noiembrie 2025 Surs\u0103: https:\/\/www.edupedu.ro\/prima-restrictionare-a-conturilor-de-retele-sociale-online-pentru-copiii-sub-16-ani-din-lume-pusa-in-aplicare-in-australia-din-10-decembrie-departamentul-pentru-educatie-le-transmite-scolilor-ca-v\/ Australia devine prima \u021bar\u0103 din lume care interzice accesul persoanelor sub 16 ani la platformele de social media, din data de 10 decembrie. Guvernul australian oblig\u0103 companiile de re\u021bele de socializare s\u0103 implementeze verific\u0103ri stricte ale v\u00e2rstei \u0219i s\u0103 \u0219tearg\u0103 conturile minorilor, potrivit\u00a0BBC News. \u0218colile [&hellip;]<\/p>\n","protected":false},"author":5,"featured_media":5528,"comment_status":"open","ping_status":"open","sticky":false,"template":"","format":"standard","meta":{"_et_pb_use_builder":"","_et_pb_old_content":"","_et_gb_content_width":"","_crdt_document":"","footnotes":""},"categories":[24,8],"tags":[33,10],"class_list":["post-5521","post","type-post","status-publish","format-standard","has-post-thumbnail","hentry","category-aparitii-in-media","category-blog-appo","tag-academia-parintilor-preocupati","tag-liceul-pedagogic-anastasia-popescu"],"_links":{"self":[{"href":"https:\/\/www.anastasiapopescu.ro\/liceu\/wp-json\/wp\/v2\/posts\/5521","targetHints":{"allow":["GET"]}}],"collection":[{"href":"https:\/\/www.anastasiapopescu.ro\/liceu\/wp-json\/wp\/v2\/posts"}],"about":[{"href":"https:\/\/www.anastasiapopescu.ro\/liceu\/wp-json\/wp\/v2\/types\/post"}],"author":[{"embeddable":true,"href":"https:\/\/www.anastasiapopescu.ro\/liceu\/wp-json\/wp\/v2\/users\/5"}],"replies":[{"embeddable":true,"href":"https:\/\/www.anastasiapopescu.ro\/liceu\/wp-json\/wp\/v2\/comments?post=5521"}],"version-history":[{"count":3,"href":"https:\/\/www.anastasiapopescu.ro\/liceu\/wp-json\/wp\/v2\/posts\/5521\/revisions"}],"predecessor-version":[{"id":5531,"href":"https:\/\/www.anastasiapopescu.ro\/liceu\/wp-json\/wp\/v2\/posts\/5521\/revisions\/5531"}],"wp:featuredmedia":[{"embeddable":true,"href":"https:\/\/www.anastasiapopescu.ro\/liceu\/wp-json\/wp\/v2\/media\/5528"}],"wp:attachment":[{"href":"https:\/\/www.anastasiapopescu.ro\/liceu\/wp-json\/wp\/v2\/media?parent=5521"}],"wp:term":[{"taxonomy":"category","embeddable":true,"href":"https:\/\/www.anastasiapopescu.ro\/liceu\/wp-json\/wp\/v2\/categories?post=5521"},{"taxonomy":"post_tag","embeddable":true,"href":"https:\/\/www.anastasiapopescu.ro\/liceu\/wp-json\/wp\/v2\/tags?post=5521"}],"curies":[{"name":"wp","href":"https:\/\/api.w.org\/{rel}","templated":true}]}}