{"id":5277,"date":"2025-11-09T00:21:33","date_gmt":"2025-11-08T21:21:33","guid":{"rendered":"https:\/\/www.anastasiapopescu.ro\/liceu\/?p=5277"},"modified":"2025-11-15T22:26:02","modified_gmt":"2025-11-15T19:26:02","slug":"educatia-la-putere-cu-mircea-miclea-despre-starea-sistemului-de-invatamant-tvr2","status":"publish","type":"post","link":"https:\/\/www.anastasiapopescu.ro\/liceu\/educatia-la-putere-cu-mircea-miclea-despre-starea-sistemului-de-invatamant-tvr2\/","title":{"rendered":"Educa\u0163ia la putere cu Mircea Miclea, despre starea sistemului de \u00eenv\u0103\u021b\u0103m\u00e2nt (@TVR2)"},"content":{"rendered":"\n<p class=\"wp-block-paragraph\">\u00cen prima parte, un interviu de excep\u021bie cu <strong>MIRCEA MICLEA<\/strong>, profesor universitar \u0219i fost ministru al Educa\u021biei, despre starea sistemului de \u00eenv\u0103\u021b\u0103m\u00e2nt \u0219i rolul \u0219colii \u00een formarea copiilor. \u00cen a doua parte, o dezbatere despre s\u0103n\u0103tatea mintal\u0103 a copiilor \u0219i adolescen\u021bilor \u2013 o tem\u0103 tot mai urgent\u0103, \u00eentre presiunea performan\u021bei \u0219i lipsa sprijinului real.<\/p>\n\n\n\n<p class=\"wp-block-paragraph\"><strong> Invita\u021bi:<\/strong> MIHAELA DINU, coordonator program Salva\u021bi Copiii <\/p>\n\n\n\n<p class=\"wp-block-paragraph\">FLORIAN LIXANDRU, inspector \u0219colar general, ISMB <\/p>\n\n\n\n<p class=\"wp-block-paragraph\">CRISTINA SIMA, profesor consilier \u0219colar.<\/p>\n\n\n\n<p class=\"wp-block-paragraph\"><\/p>\n\n\n\n<figure class=\"wp-block-embed is-type-video is-provider-youtube wp-block-embed-youtube wp-embed-aspect-16-9 wp-has-aspect-ratio\"><div class=\"wp-block-embed__wrapper\">\n<iframe loading=\"lazy\" title=\"Educa\u0163ia la putere cu Mircea Miclea, despre starea sistemului de \u00eenv\u0103\u021b\u0103m\u00e2nt (@TVR2)\" width=\"1080\" height=\"608\" src=\"https:\/\/www.youtube.com\/embed\/Zskt6_7FJcA?feature=oembed\"  allow=\"accelerometer; autoplay; clipboard-write; encrypted-media; gyroscope; picture-in-picture; web-share\" referrerpolicy=\"strict-origin-when-cross-origin\" allowfullscreen><\/iframe>\n<\/div><\/figure>\n\n\n\n<p class=\"wp-block-paragraph\">Preluare TVR2 emisiunea \u201eEduca\u0163ia la putere\u201d \u0219i pe aceast\u0103 cale le mul\u021bumim!<\/p>\n","protected":false},"excerpt":{"rendered":"<p>\u00cen prima parte, un interviu de excep\u021bie cu MIRCEA MICLEA, profesor universitar \u0219i fost ministru al Educa\u021biei, despre starea sistemului de \u00eenv\u0103\u021b\u0103m\u00e2nt \u0219i rolul \u0219colii \u00een formarea copiilor. \u00cen a doua parte, o dezbatere despre s\u0103n\u0103tatea mintal\u0103 a copiilor \u0219i adolescen\u021bilor \u2013 o tem\u0103 tot mai urgent\u0103, \u00eentre presiunea performan\u021bei \u0219i lipsa sprijinului real. Invita\u021bi: [&hellip;]<\/p>\n","protected":false},"author":5,"featured_media":5280,"comment_status":"open","ping_status":"open","sticky":false,"template":"","format":"standard","meta":{"_et_pb_use_builder":"","_et_pb_old_content":"","_et_gb_content_width":"","_crdt_document":"","footnotes":""},"categories":[24,8,9],"tags":[33,10],"class_list":["post-5277","post","type-post","status-publish","format-standard","has-post-thumbnail","hentry","category-aparitii-in-media","category-blog-appo","category-prima-pagina","tag-academia-parintilor-preocupati","tag-liceul-pedagogic-anastasia-popescu"],"_links":{"self":[{"href":"https:\/\/www.anastasiapopescu.ro\/liceu\/wp-json\/wp\/v2\/posts\/5277","targetHints":{"allow":["GET"]}}],"collection":[{"href":"https:\/\/www.anastasiapopescu.ro\/liceu\/wp-json\/wp\/v2\/posts"}],"about":[{"href":"https:\/\/www.anastasiapopescu.ro\/liceu\/wp-json\/wp\/v2\/types\/post"}],"author":[{"embeddable":true,"href":"https:\/\/www.anastasiapopescu.ro\/liceu\/wp-json\/wp\/v2\/users\/5"}],"replies":[{"embeddable":true,"href":"https:\/\/www.anastasiapopescu.ro\/liceu\/wp-json\/wp\/v2\/comments?post=5277"}],"version-history":[{"count":1,"href":"https:\/\/www.anastasiapopescu.ro\/liceu\/wp-json\/wp\/v2\/posts\/5277\/revisions"}],"predecessor-version":[{"id":5279,"href":"https:\/\/www.anastasiapopescu.ro\/liceu\/wp-json\/wp\/v2\/posts\/5277\/revisions\/5279"}],"wp:featuredmedia":[{"embeddable":true,"href":"https:\/\/www.anastasiapopescu.ro\/liceu\/wp-json\/wp\/v2\/media\/5280"}],"wp:attachment":[{"href":"https:\/\/www.anastasiapopescu.ro\/liceu\/wp-json\/wp\/v2\/media?parent=5277"}],"wp:term":[{"taxonomy":"category","embeddable":true,"href":"https:\/\/www.anastasiapopescu.ro\/liceu\/wp-json\/wp\/v2\/categories?post=5277"},{"taxonomy":"post_tag","embeddable":true,"href":"https:\/\/www.anastasiapopescu.ro\/liceu\/wp-json\/wp\/v2\/tags?post=5277"}],"curies":[{"name":"wp","href":"https:\/\/api.w.org\/{rel}","templated":true}]}}