{"id":5001,"date":"2025-09-27T19:56:30","date_gmt":"2025-09-27T16:56:30","guid":{"rendered":"https:\/\/www.anastasiapopescu.ro\/liceu\/?p=5001"},"modified":"2025-09-27T19:58:40","modified_gmt":"2025-09-27T16:58:40","slug":"ziua-europeana-a-limbilor-o-zi-in-care-ne-bucuram-sa-fim-cu-totii-impreuna","status":"publish","type":"post","link":"https:\/\/www.anastasiapopescu.ro\/liceu\/ziua-europeana-a-limbilor-o-zi-in-care-ne-bucuram-sa-fim-cu-totii-impreuna\/","title":{"rendered":"Ziua European\u0103 a Limbilor, o zi \u00een care ne bucur\u0103m s\u0103 fim cu to\u021bii \u00eempreun\u0103."},"content":{"rendered":"\n<p class=\"wp-block-paragraph\">Elevii no\u0219tri de clasa a XI-a au dorit s\u0103 marcheze acest lucru \u0219i s\u0103 v\u0103 spun\u0103 :<\/p>\n\n\n\n<p class=\"wp-block-paragraph\">&#8211; Bun\u0103 ziua!<\/p>\n\n\n\n<p class=\"wp-block-paragraph\">&#8211; Bonjour! Hello!<\/p>\n\n\n\n<p class=\"wp-block-paragraph\">&#8211; Buona giornata!<\/p>\n\n\n\n<p class=\"wp-block-paragraph\">&#8211; Hola!<\/p>\n\n\n\n<p class=\"wp-block-paragraph\">&#8211; Hej hej!<\/p>\n\n\n\n<p class=\"wp-block-paragraph\">&#8211; Jo napot!<\/p>\n\n\n\n<p class=\"wp-block-paragraph\">&#8211; Auf wiedershen!<\/p>\n\n\n\n<p class=\"wp-block-paragraph\">Da\u021bi \u0219i voi salutul lor mai departe, acompaniat de ce salut dori\u021bi din limbile europene!<\/p>\n\n\n\n<iframe loading=\"lazy\" src=\"https:\/\/www.facebook.com\/plugins\/video.php?height=314&#038;href=https%3A%2F%2Fwww.facebook.com%2FLiceulPedagogicOrtodoxAnastasiaPopescu%2Fvideos%2F1428601458212692%2F&#038;show_text=false&#038;width=560&#038;t=0\" width=\"560\" height=\"314\" style=\"border:none;overflow:hidden\" scrolling=\"no\" frameborder=\"0\" allowfullscreen=\"true\" allow=\"autoplay; clipboard-write; encrypted-media; picture-in-picture; web-share\" allowFullScreen=\"true\"><\/iframe>\n\n\n\n<p class=\"wp-block-paragraph\"><\/p>\n","protected":false},"excerpt":{"rendered":"<p>Elevii no\u0219tri de clasa a XI-a au dorit s\u0103 marcheze acest lucru \u0219i s\u0103 v\u0103 spun\u0103 : &#8211; Bun\u0103 ziua! &#8211; Bonjour! Hello! &#8211; Buona giornata! &#8211; Hola! &#8211; Hej hej! &#8211; Jo napot! &#8211; Auf wiedershen! Da\u021bi \u0219i voi salutul lor mai departe, acompaniat de ce salut dori\u021bi din limbile europene!<\/p>\n","protected":false},"author":5,"featured_media":5003,"comment_status":"open","ping_status":"open","sticky":false,"template":"","format":"standard","meta":{"_et_pb_use_builder":"","_et_pb_old_content":"","_et_gb_content_width":"","_crdt_document":"","footnotes":""},"categories":[7,4,9],"tags":[10,288],"class_list":["post-5001","post","type-post","status-publish","format-standard","has-post-thumbnail","hentry","category-anunturi","category-evenimente","category-prima-pagina","tag-liceul-pedagogic-anastasia-popescu","tag-ziua-europeana-a-limbilor"],"_links":{"self":[{"href":"https:\/\/www.anastasiapopescu.ro\/liceu\/wp-json\/wp\/v2\/posts\/5001","targetHints":{"allow":["GET"]}}],"collection":[{"href":"https:\/\/www.anastasiapopescu.ro\/liceu\/wp-json\/wp\/v2\/posts"}],"about":[{"href":"https:\/\/www.anastasiapopescu.ro\/liceu\/wp-json\/wp\/v2\/types\/post"}],"author":[{"embeddable":true,"href":"https:\/\/www.anastasiapopescu.ro\/liceu\/wp-json\/wp\/v2\/users\/5"}],"replies":[{"embeddable":true,"href":"https:\/\/www.anastasiapopescu.ro\/liceu\/wp-json\/wp\/v2\/comments?post=5001"}],"version-history":[{"count":2,"href":"https:\/\/www.anastasiapopescu.ro\/liceu\/wp-json\/wp\/v2\/posts\/5001\/revisions"}],"predecessor-version":[{"id":5004,"href":"https:\/\/www.anastasiapopescu.ro\/liceu\/wp-json\/wp\/v2\/posts\/5001\/revisions\/5004"}],"wp:featuredmedia":[{"embeddable":true,"href":"https:\/\/www.anastasiapopescu.ro\/liceu\/wp-json\/wp\/v2\/media\/5003"}],"wp:attachment":[{"href":"https:\/\/www.anastasiapopescu.ro\/liceu\/wp-json\/wp\/v2\/media?parent=5001"}],"wp:term":[{"taxonomy":"category","embeddable":true,"href":"https:\/\/www.anastasiapopescu.ro\/liceu\/wp-json\/wp\/v2\/categories?post=5001"},{"taxonomy":"post_tag","embeddable":true,"href":"https:\/\/www.anastasiapopescu.ro\/liceu\/wp-json\/wp\/v2\/tags?post=5001"}],"curies":[{"name":"wp","href":"https:\/\/api.w.org\/{rel}","templated":true}]}}