{"id":4785,"date":"2025-08-31T22:01:41","date_gmt":"2025-08-31T19:01:41","guid":{"rendered":"https:\/\/www.anastasiapopescu.ro\/liceu\/?p=4785"},"modified":"2026-03-03T23:36:18","modified_gmt":"2026-03-03T20:36:18","slug":"iata-si-un-cadou-punctual-pentru-limba-noastra-numarul-estival-dublu-al-revistei-2","status":"publish","type":"post","link":"https:\/\/www.anastasiapopescu.ro\/liceu\/iata-si-un-cadou-punctual-pentru-limba-noastra-numarul-estival-dublu-al-revistei-2\/","title":{"rendered":"Iat\u0103 \u0219i un cadou punctual pentru limba noastr\u0103, num\u0103rul estival (dublu) al Revistei."},"content":{"rendered":"\n<p class=\"wp-block-paragraph\"><\/p>\n\n\n\n<p class=\"wp-block-paragraph\">Vara se apropie de sf\u00e2r\u0219it, deja \u00een aer miroase a \u0219coal\u0103, colegi vechi \u0219i noi, vernisaje, lans\u0103ri de carte&#8230; P\u00e2n\u0103 s\u0103 privim \u00eenainte cu speran\u021b\u0103, s\u0103 privim \u00eenapoi cu bucurie, c\u0103 avem la ce, a fost o var\u0103 bogat\u0103!<\/p>\n\n\n\n<p class=\"wp-block-paragraph\"><\/p>\n\n\n\n<p class=\"wp-block-paragraph\">Revista \u201eUniversul copiilor\u201d poate fi r\u0103sfoit\u0103 cu un click pe coperta de mai jos:<\/p>\n\n\n\n<p class=\"wp-block-paragraph\"><\/p>\n\n\n\n<figure class=\"wp-block-image size-full\"><a href=\"https:\/\/www.flipsnack.com\/o9revista\/revista-universul-copiilor-iulie-august-2025-7u9sz772gx\/full-view.html\"><img loading=\"lazy\" decoding=\"async\" width=\"400\" height=\"569\" src=\"https:\/\/www.anastasiapopescu.ro\/liceu\/wp-content\/uploads\/2025\/08\/Screenshot_1-9-2025_142747_-e1756737273437.jpeg\" alt=\"\" class=\"wp-image-4787\"\/><\/a><\/figure>\n\n\n\n<p class=\"wp-block-paragraph\"><\/p>\n","protected":false},"excerpt":{"rendered":"<p>Vara se apropie de sf\u00e2r\u0219it, deja \u00een aer miroase a \u0219coal\u0103, colegi vechi \u0219i noi, vernisaje, lans\u0103ri de carte&#8230; P\u00e2n\u0103 s\u0103 privim \u00eenainte cu speran\u021b\u0103, s\u0103 privim \u00eenapoi cu bucurie, c\u0103 avem la ce, a fost o var\u0103 bogat\u0103! Revista \u201eUniversul copiilor\u201d poate fi r\u0103sfoit\u0103 cu un click pe coperta de mai jos:<\/p>\n","protected":false},"author":5,"featured_media":4787,"comment_status":"open","ping_status":"open","sticky":false,"template":"","format":"standard","meta":{"_et_pb_use_builder":"","_et_pb_old_content":"","_et_gb_content_width":"","_crdt_document":"","footnotes":""},"categories":[4,9,160],"tags":[274],"class_list":["post-4785","post","type-post","status-publish","format-standard","has-post-thumbnail","hentry","category-evenimente","category-prima-pagina","category-revista-universul-copiilor","tag-revista-universul-copiilor-2"],"_links":{"self":[{"href":"https:\/\/www.anastasiapopescu.ro\/liceu\/wp-json\/wp\/v2\/posts\/4785","targetHints":{"allow":["GET"]}}],"collection":[{"href":"https:\/\/www.anastasiapopescu.ro\/liceu\/wp-json\/wp\/v2\/posts"}],"about":[{"href":"https:\/\/www.anastasiapopescu.ro\/liceu\/wp-json\/wp\/v2\/types\/post"}],"author":[{"embeddable":true,"href":"https:\/\/www.anastasiapopescu.ro\/liceu\/wp-json\/wp\/v2\/users\/5"}],"replies":[{"embeddable":true,"href":"https:\/\/www.anastasiapopescu.ro\/liceu\/wp-json\/wp\/v2\/comments?post=4785"}],"version-history":[{"count":7,"href":"https:\/\/www.anastasiapopescu.ro\/liceu\/wp-json\/wp\/v2\/posts\/4785\/revisions"}],"predecessor-version":[{"id":4892,"href":"https:\/\/www.anastasiapopescu.ro\/liceu\/wp-json\/wp\/v2\/posts\/4785\/revisions\/4892"}],"wp:featuredmedia":[{"embeddable":true,"href":"https:\/\/www.anastasiapopescu.ro\/liceu\/wp-json\/wp\/v2\/media\/4787"}],"wp:attachment":[{"href":"https:\/\/www.anastasiapopescu.ro\/liceu\/wp-json\/wp\/v2\/media?parent=4785"}],"wp:term":[{"taxonomy":"category","embeddable":true,"href":"https:\/\/www.anastasiapopescu.ro\/liceu\/wp-json\/wp\/v2\/categories?post=4785"},{"taxonomy":"post_tag","embeddable":true,"href":"https:\/\/www.anastasiapopescu.ro\/liceu\/wp-json\/wp\/v2\/tags?post=4785"}],"curies":[{"name":"wp","href":"https:\/\/api.w.org\/{rel}","templated":true}]}}