{"id":4762,"date":"2025-08-31T21:40:00","date_gmt":"2025-08-31T18:40:00","guid":{"rendered":"https:\/\/www.anastasiapopescu.ro\/liceu\/?p=4762"},"modified":"2025-09-01T14:52:26","modified_gmt":"2025-09-01T11:52:26","slug":"iata-si-un-cadou-punctual-pentru-limba-noastra-numarul-estival-dublu-al-revistei","status":"publish","type":"post","link":"https:\/\/www.anastasiapopescu.ro\/liceu\/iata-si-un-cadou-punctual-pentru-limba-noastra-numarul-estival-dublu-al-revistei\/","title":{"rendered":"Ast\u0103zi e Ziua Limbii Rom\u00e2ne, c\u0103reia noi \u00eei ur\u0103m &#8222;La mul\u021bi ani!&#8221;"},"content":{"rendered":"\n<p class=\"wp-block-paragraph\">Ast\u0103zi e Ziua Limbii Rom\u00e2ne, c\u0103reia noi \u00eei ur\u0103m &#8222;La mul\u021bi ani!&#8221; cu fiecare copil care o vorbe\u0219te corect, c\u0103ruia \u00eei pas\u0103 de literatura rom\u00e2n\u0103 \u0219i care nu se pl\u00e2nge c\u0103 <a><\/a>Slavici e desuet, Creang\u0103 irelevant \u0219i C\u0103linescu prea lung. Acesta e felul nostru de a-i spune zilnic &#8222;La mul\u021bi ani!&#8221; Al\u0103turi de noi stau to\u021bi p\u0103rin\u021bii acestor copii, care ne sus\u021bin \u0219i \u00eent\u0103resc mesajul nostru. Fiecare carte scris\u0103 de un autor rom\u00e2n citit\u0103, fiecare virgul\u0103 pus\u0103 la locul ei, fiecare acord corect sunt tot at\u00e2tea daruri, oferite zilnic, de cei care cred c\u0103 limba asta merit\u0103 s\u0103 fie cunoscut\u0103, cinstit\u0103, cultivat\u0103. A\u0219a c\u0103 le ur\u0103m tuturor celor care vorbesc o limb\u0103 rom\u00e2n\u0103 corect\u0103, un puternic \u0219i sincer, La mul\u021bi ani!<\/p>\n\n\n\n<p class=\"wp-block-paragraph\"><\/p>\n\n\n\n<figure class=\"wp-block-image size-large\"><img loading=\"lazy\" decoding=\"async\" width=\"900\" height=\"596\" src=\"https:\/\/www.anastasiapopescu.ro\/liceu\/wp-content\/uploads\/2025\/08\/541784638_1334194258711074_1124154567431826000_n-1-900x596.jpg\" alt=\"\" class=\"wp-image-4780\"\/><\/figure>\n\n\n\n<p class=\"wp-block-paragraph\">Foto@tuiasi<\/p>\n\n\n\n<p class=\"wp-block-paragraph\"><\/p>\n","protected":false},"excerpt":{"rendered":"<p>Ast\u0103zi e Ziua Limbii Rom\u00e2ne, c\u0103reia noi \u00eei ur\u0103m &#8222;La mul\u021bi ani!&#8221; cu fiecare copil care o vorbe\u0219te corect, c\u0103ruia \u00eei pas\u0103 de literatura rom\u00e2n\u0103 \u0219i care nu se pl\u00e2nge c\u0103 Slavici e desuet, Creang\u0103 irelevant \u0219i C\u0103linescu prea lung. Acesta e felul nostru de a-i spune zilnic &#8222;La mul\u021bi ani!&#8221; Al\u0103turi de noi stau [&hellip;]<\/p>\n","protected":false},"author":5,"featured_media":4779,"comment_status":"open","ping_status":"open","sticky":false,"template":"","format":"standard","meta":{"_et_pb_use_builder":"","_et_pb_old_content":"","_et_gb_content_width":"","_crdt_document":"","footnotes":""},"categories":[7,24,4,9,160],"tags":[10,246],"class_list":["post-4762","post","type-post","status-publish","format-standard","has-post-thumbnail","hentry","category-anunturi","category-aparitii-in-media","category-evenimente","category-prima-pagina","category-revista-universul-copiilor","tag-liceul-pedagogic-anastasia-popescu","tag-ziua-limbii-romane"],"_links":{"self":[{"href":"https:\/\/www.anastasiapopescu.ro\/liceu\/wp-json\/wp\/v2\/posts\/4762","targetHints":{"allow":["GET"]}}],"collection":[{"href":"https:\/\/www.anastasiapopescu.ro\/liceu\/wp-json\/wp\/v2\/posts"}],"about":[{"href":"https:\/\/www.anastasiapopescu.ro\/liceu\/wp-json\/wp\/v2\/types\/post"}],"author":[{"embeddable":true,"href":"https:\/\/www.anastasiapopescu.ro\/liceu\/wp-json\/wp\/v2\/users\/5"}],"replies":[{"embeddable":true,"href":"https:\/\/www.anastasiapopescu.ro\/liceu\/wp-json\/wp\/v2\/comments?post=4762"}],"version-history":[{"count":12,"href":"https:\/\/www.anastasiapopescu.ro\/liceu\/wp-json\/wp\/v2\/posts\/4762\/revisions"}],"predecessor-version":[{"id":4781,"href":"https:\/\/www.anastasiapopescu.ro\/liceu\/wp-json\/wp\/v2\/posts\/4762\/revisions\/4781"}],"wp:featuredmedia":[{"embeddable":true,"href":"https:\/\/www.anastasiapopescu.ro\/liceu\/wp-json\/wp\/v2\/media\/4779"}],"wp:attachment":[{"href":"https:\/\/www.anastasiapopescu.ro\/liceu\/wp-json\/wp\/v2\/media?parent=4762"}],"wp:term":[{"taxonomy":"category","embeddable":true,"href":"https:\/\/www.anastasiapopescu.ro\/liceu\/wp-json\/wp\/v2\/categories?post=4762"},{"taxonomy":"post_tag","embeddable":true,"href":"https:\/\/www.anastasiapopescu.ro\/liceu\/wp-json\/wp\/v2\/tags?post=4762"}],"curies":[{"name":"wp","href":"https:\/\/api.w.org\/{rel}","templated":true}]}}