{"id":4498,"date":"2025-04-04T00:15:49","date_gmt":"2025-04-03T21:15:49","guid":{"rendered":"https:\/\/www.anastasiapopescu.ro\/liceu\/?p=4498"},"modified":"2026-03-04T00:16:48","modified_gmt":"2026-03-03T21:16:48","slug":"revista-universul-copiilor-la-inceput-de-primavara-2","status":"publish","type":"post","link":"https:\/\/www.anastasiapopescu.ro\/liceu\/revista-universul-copiilor-la-inceput-de-primavara-2\/","title":{"rendered":"Revista \u201eUniversul copiilor\u201d la \u00eenceput de prim\u0103var\u0103"},"content":{"rendered":"\n<p class=\"wp-block-paragraph\">Luna martie a fost plin\u0103 de evenimente deosebite, pe care le-am \u0219i consemnat \u00een paginile revistei \u201dUniversul copiilor\u201d. Liceul nostru a ob\u021binut rezultate foarte bune la Olimpiadele \u0219i concursurile lunii, \u0219i, totodat\u0103, elevii au p\u0103strat acela\u0219i interes pentru muzic\u0103, teatru, arte plastice, literatur\u0103, chiar \u0219i gr\u0103din\u0103rit. \ud83d\ude42 Iar toat\u0103 atmosfera lunii martie a fost impregnat\u0103 de bucuria Bunei Vestiri, pe care am s\u0103rb\u0103torit-o cu fast artistic \u0219i emo\u021bionant.<\/p>\n\n\n\n<p class=\"wp-block-paragraph\">Click pe coperta de mai jos pentru a intra \u00een Universul copiilor:<\/p>\n\n\n\n<figure class=\"wp-block-image size-full\"><a href=\"https:\/\/www.flipsnack.com\/o9revista\/revista-universul-copiilor-martie-2025\/full-view.html?fbclid=IwY2xjawJmZUFleHRuA2FlbQIxMQABHuZvM2yXJDzhEgsnykA7Xeq-B9AdlPPSdkV3K1BtWn71o0aqMMKzNJIyJKUi_aem_xVO8DtKOrQ8tj-Xe0oIiWA\"><img decoding=\"async\" src=\"https:\/\/www.anastasiapopescu.ro\/scoala\/wp-content\/uploads\/Revista-sept2024-1-e1744403276470.png\" alt=\"\" class=\"wp-image-5748\"\/><\/a><\/figure>\n","protected":false},"excerpt":{"rendered":"<p>Luna martie a fost plin\u0103 de evenimente deosebite, pe care le-am \u0219i consemnat \u00een paginile revistei \u201dUniversul copiilor\u201d. Liceul nostru a ob\u021binut rezultate foarte bune la Olimpiadele \u0219i concursurile lunii, \u0219i, totodat\u0103, elevii au p\u0103strat acela\u0219i interes pentru muzic\u0103, teatru, arte plastice, literatur\u0103, chiar \u0219i gr\u0103din\u0103rit. \ud83d\ude42 Iar toat\u0103 atmosfera lunii martie a fost impregnat\u0103 [&hellip;]<\/p>\n","protected":false},"author":4,"featured_media":4499,"comment_status":"open","ping_status":"open","sticky":false,"template":"","format":"standard","meta":{"_et_pb_use_builder":"","_et_pb_old_content":"","_et_gb_content_width":"","_crdt_document":"","footnotes":""},"categories":[4,9,160],"tags":[10,274],"class_list":["post-4498","post","type-post","status-publish","format-standard","has-post-thumbnail","hentry","category-evenimente","category-prima-pagina","category-revista-universul-copiilor","tag-liceul-pedagogic-anastasia-popescu","tag-revista-universul-copiilor-2"],"_links":{"self":[{"href":"https:\/\/www.anastasiapopescu.ro\/liceu\/wp-json\/wp\/v2\/posts\/4498","targetHints":{"allow":["GET"]}}],"collection":[{"href":"https:\/\/www.anastasiapopescu.ro\/liceu\/wp-json\/wp\/v2\/posts"}],"about":[{"href":"https:\/\/www.anastasiapopescu.ro\/liceu\/wp-json\/wp\/v2\/types\/post"}],"author":[{"embeddable":true,"href":"https:\/\/www.anastasiapopescu.ro\/liceu\/wp-json\/wp\/v2\/users\/4"}],"replies":[{"embeddable":true,"href":"https:\/\/www.anastasiapopescu.ro\/liceu\/wp-json\/wp\/v2\/comments?post=4498"}],"version-history":[{"count":3,"href":"https:\/\/www.anastasiapopescu.ro\/liceu\/wp-json\/wp\/v2\/posts\/4498\/revisions"}],"predecessor-version":[{"id":6488,"href":"https:\/\/www.anastasiapopescu.ro\/liceu\/wp-json\/wp\/v2\/posts\/4498\/revisions\/6488"}],"wp:featuredmedia":[{"embeddable":true,"href":"https:\/\/www.anastasiapopescu.ro\/liceu\/wp-json\/wp\/v2\/media\/4499"}],"wp:attachment":[{"href":"https:\/\/www.anastasiapopescu.ro\/liceu\/wp-json\/wp\/v2\/media?parent=4498"}],"wp:term":[{"taxonomy":"category","embeddable":true,"href":"https:\/\/www.anastasiapopescu.ro\/liceu\/wp-json\/wp\/v2\/categories?post=4498"},{"taxonomy":"post_tag","embeddable":true,"href":"https:\/\/www.anastasiapopescu.ro\/liceu\/wp-json\/wp\/v2\/tags?post=4498"}],"curies":[{"name":"wp","href":"https:\/\/api.w.org\/{rel}","templated":true}]}}