{"id":4423,"date":"2025-01-16T09:00:46","date_gmt":"2025-01-16T06:00:46","guid":{"rendered":"https:\/\/www.anastasiapopescu.ro\/liceu\/?p=4423"},"modified":"2026-03-11T23:52:14","modified_gmt":"2026-03-11T20:52:14","slug":"175-de-flori-pentru-mihai-eminescu","status":"publish","type":"post","link":"https:\/\/www.anastasiapopescu.ro\/liceu\/175-de-flori-pentru-mihai-eminescu\/","title":{"rendered":"175 de flori pentru Mihai Eminescu"},"content":{"rendered":"\n<p class=\"wp-block-paragraph\"><strong>An de an, de ziua Culturii Na\u021bionale, elevi de la Liceul Pedagogic \u201eAnastasia Popescu\u201d din Bucure\u0219ti vin la statuia poetului Mihai Eminescu din fa\u021ba Ateneului Rom\u00e2n, pentru a-i aduce un omagiu. Ghirlanda de flori pe care ace\u0219tia o a\u0219eaz\u0103 de fiecare dat\u0103 la monument aminte\u0219te de gestul f\u0103cut de scriitorul Geo Bogza \u0219i al\u021bi oameni de cultur\u0103 din anii 80\u2019, ca o form\u0103 de protest \u00eempotriva regimului comunist. Elevii au recitat, au c\u00e2ntat \u0219i au vizitat Ateneul Rom\u00e2n, o cl\u0103dire emblematic\u0103 a Capitalei.<\/strong><\/p>\n\n\n\n<p class=\"wp-block-paragraph\">Mul\u021bumim postului Trinitas TV pentru reportajul  dedicat acestui eveniment.<\/p>\n\n\n\n<figure class=\"wp-block-embed is-type-video is-provider-youtube wp-block-embed-youtube wp-embed-aspect-16-9 wp-has-aspect-ratio\"><div class=\"wp-block-embed__wrapper\">\n<iframe loading=\"lazy\" title=\"\u201e175 de flori pentru Mihai Eminescu\u201d\" width=\"1080\" height=\"608\" src=\"https:\/\/www.youtube.com\/embed\/WrAXopbH9JQ?start=3&#038;feature=oembed\"  allow=\"accelerometer; autoplay; clipboard-write; encrypted-media; gyroscope; picture-in-picture; web-share\" referrerpolicy=\"strict-origin-when-cross-origin\" allowfullscreen><\/iframe>\n<\/div><\/figure>\n","protected":false},"excerpt":{"rendered":"<p>An de an, de ziua Culturii Na\u021bionale, elevi de la Liceul Pedagogic \u201eAnastasia Popescu\u201d din Bucure\u0219ti vin la statuia poetului Mihai Eminescu din fa\u021ba Ateneului Rom\u00e2n, pentru a-i aduce un omagiu. Ghirlanda de flori pe care ace\u0219tia o a\u0219eaz\u0103 de fiecare dat\u0103 la monument aminte\u0219te de gestul f\u0103cut de scriitorul Geo Bogza \u0219i al\u021bi oameni [&hellip;]<\/p>\n","protected":false},"author":4,"featured_media":4424,"comment_status":"open","ping_status":"open","sticky":false,"template":"","format":"standard","meta":{"_et_pb_use_builder":"","_et_pb_old_content":"","_et_gb_content_width":"","_crdt_document":"","footnotes":""},"categories":[24,4,9,400],"tags":[10,35],"class_list":["post-4423","post","type-post","status-publish","format-standard","has-post-thumbnail","hentry","category-aparitii-in-media","category-evenimente","category-prima-pagina","category-trinitas-tv-aparitii-in-media","tag-liceul-pedagogic-anastasia-popescu","tag-mihai-eminescu"],"_links":{"self":[{"href":"https:\/\/www.anastasiapopescu.ro\/liceu\/wp-json\/wp\/v2\/posts\/4423","targetHints":{"allow":["GET"]}}],"collection":[{"href":"https:\/\/www.anastasiapopescu.ro\/liceu\/wp-json\/wp\/v2\/posts"}],"about":[{"href":"https:\/\/www.anastasiapopescu.ro\/liceu\/wp-json\/wp\/v2\/types\/post"}],"author":[{"embeddable":true,"href":"https:\/\/www.anastasiapopescu.ro\/liceu\/wp-json\/wp\/v2\/users\/4"}],"replies":[{"embeddable":true,"href":"https:\/\/www.anastasiapopescu.ro\/liceu\/wp-json\/wp\/v2\/comments?post=4423"}],"version-history":[{"count":1,"href":"https:\/\/www.anastasiapopescu.ro\/liceu\/wp-json\/wp\/v2\/posts\/4423\/revisions"}],"predecessor-version":[{"id":4425,"href":"https:\/\/www.anastasiapopescu.ro\/liceu\/wp-json\/wp\/v2\/posts\/4423\/revisions\/4425"}],"wp:featuredmedia":[{"embeddable":true,"href":"https:\/\/www.anastasiapopescu.ro\/liceu\/wp-json\/wp\/v2\/media\/4424"}],"wp:attachment":[{"href":"https:\/\/www.anastasiapopescu.ro\/liceu\/wp-json\/wp\/v2\/media?parent=4423"}],"wp:term":[{"taxonomy":"category","embeddable":true,"href":"https:\/\/www.anastasiapopescu.ro\/liceu\/wp-json\/wp\/v2\/categories?post=4423"},{"taxonomy":"post_tag","embeddable":true,"href":"https:\/\/www.anastasiapopescu.ro\/liceu\/wp-json\/wp\/v2\/tags?post=4423"}],"curies":[{"name":"wp","href":"https:\/\/api.w.org\/{rel}","templated":true}]}}