{"id":4393,"date":"2024-12-16T22:32:10","date_gmt":"2024-12-16T19:32:10","guid":{"rendered":"https:\/\/www.anastasiapopescu.ro\/liceu\/?p=4393"},"modified":"2025-07-20T18:31:52","modified_gmt":"2025-07-20T15:31:52","slug":"colinde-de-craciun-la-biserica-popa-nan","status":"publish","type":"post","link":"https:\/\/www.anastasiapopescu.ro\/liceu\/colinde-de-craciun-la-biserica-popa-nan\/","title":{"rendered":"Colinde de Cr\u0103ciun la Biserica \u201dPopa Nan\u201d"},"content":{"rendered":"\n<p class=\"wp-block-paragraph\">Suntem bucuro\u0219i s\u0103 v\u0103 \u00eemp\u0103rt\u0103\u0219im impresii de la  concertul nostru tradi\u021bional de colinde sus\u021binut de Corul \u201dSf\u00e2nta Elisabeta\u201d, condus de dna prof. Gra\u021biela Popescu. Evenimentul s-a petrecut \u00een decorul deosebit al Bisericii \u201dPopa Nan\u201d, care a primit, cu acest prilej, \u0219i expozi\u021bia de icoane pe lemn pictate de elevii liceului, sub \u00eendrumarea profesorilor Maria Cioat\u0103, Sarah Olteanu \u0219i Mihaela Tranc\u0103.<\/p>\n\n\n\n<p class=\"wp-block-paragraph\">,,A fost o sear\u0103 mult a\u0219teptat\u0103, pentru care copii, profesori, p\u0103rin\u021bi s-au preg\u0103tit cu emo\u021bie \u0219i pe care au sim\u021bit-o cu to\u021bii \u00een inimi. Parc\u0103 a fost cea mai frumoas\u0103 din cele peste 20 petrecute \u00een Biserica Popa Nan &#8211; cea care r\u0103m\u00e2ne pentru noi leag\u0103n de dor \u0219i duhovnicie.<\/p>\n\n\n\n<p class=\"wp-block-paragraph\">Au colindat fo\u0219ti elevi, acum studen\u021bi, copii de gr\u0103dini\u021b\u0103, cu mame \u0219i bunici, pentru care leg\u0103tura cu liceul nostru este una de suflet \u0219i care s-a consolidat \u00een timp.<\/p>\n\n\n\n<p class=\"wp-block-paragraph\">Tuturor le mul\u021bumim \u0219i le dorim un <a><\/a>Cr\u0103ciun cu pace si s\u0103n\u0103tate, bl\u00e2nd \u0219i luminos!<\/p>\n\n\n\n<p class=\"wp-block-paragraph\">Icoanele copiilor, cu frumuse\u021bea lor inocent\u0103 au pus accentul at\u00e2t de important al unei \u00een\u021belegeri pe care, de cele mai multe ori, adultul o pierde &#8211; o gur\u0103 de ap\u0103 proasp\u0103t\u0103.\u201d &#8211; sunt cuvintele doamnei prof. dr. Mona \u0218erb\u0103nescu, director Liceul Pedagogic ,,Anastasia Popescu\u201d.<\/p>\n\n\n\n<p class=\"wp-block-paragraph\"><\/p>\n\n\n\n<figure class=\"wp-block-image size-full\"><img loading=\"lazy\" decoding=\"async\" width=\"800\" height=\"529\" src=\"https:\/\/www.anastasiapopescu.ro\/liceu\/wp-content\/uploads\/2024\/12\/Concert-15dec2024-1-e1734469285545.jpg\" alt=\"\" class=\"wp-image-4394\" srcset=\"https:\/\/www.anastasiapopescu.ro\/liceu\/wp-content\/uploads\/2024\/12\/Concert-15dec2024-1-e1734469285545.jpg 800w, https:\/\/www.anastasiapopescu.ro\/liceu\/wp-content\/uploads\/2024\/12\/Concert-15dec2024-1-e1734469285545-480x270.jpg 480w\" sizes=\"(min-width: 0px) and (max-width: 480px) 480px, (min-width: 481px) 800px, 100vw\" \/><\/figure>\n\n\n\n<figure class=\"wp-block-image size-full\"><img loading=\"lazy\" decoding=\"async\" width=\"800\" height=\"529\" src=\"https:\/\/www.anastasiapopescu.ro\/liceu\/wp-content\/uploads\/2024\/12\/Concert-15dec2024-2-e1734514799474.jpg\" alt=\"\" class=\"wp-image-4395\" srcset=\"https:\/\/www.anastasiapopescu.ro\/liceu\/wp-content\/uploads\/2024\/12\/Concert-15dec2024-2-e1734514799474.jpg 800w, https:\/\/www.anastasiapopescu.ro\/liceu\/wp-content\/uploads\/2024\/12\/Concert-15dec2024-2-e1734514799474-480x270.jpg 480w\" sizes=\"(min-width: 0px) and (max-width: 480px) 480px, (min-width: 481px) 800px, 100vw\" \/><\/figure>\n\n\n\n<figure class=\"wp-block-image size-full\"><img loading=\"lazy\" decoding=\"async\" width=\"795\" height=\"534\" src=\"https:\/\/www.anastasiapopescu.ro\/liceu\/wp-content\/uploads\/2024\/12\/Concert-15dec2024-3-e1734514888102.jpg\" alt=\"\" class=\"wp-image-4396\" srcset=\"https:\/\/www.anastasiapopescu.ro\/liceu\/wp-content\/uploads\/2024\/12\/Concert-15dec2024-3-e1734514888102.jpg 795w, https:\/\/www.anastasiapopescu.ro\/liceu\/wp-content\/uploads\/2024\/12\/Concert-15dec2024-3-e1734514888102-480x270.jpg 480w\" sizes=\"(min-width: 0px) and (max-width: 480px) 480px, (min-width: 481px) 795px, 100vw\" \/><\/figure>\n\n\n\n<figure class=\"wp-block-image size-full\"><img loading=\"lazy\" decoding=\"async\" width=\"791\" height=\"534\" src=\"https:\/\/www.anastasiapopescu.ro\/liceu\/wp-content\/uploads\/2024\/12\/Concert-15dec2024-4-e1734514957482.jpg\" alt=\"\" class=\"wp-image-4397\" srcset=\"https:\/\/www.anastasiapopescu.ro\/liceu\/wp-content\/uploads\/2024\/12\/Concert-15dec2024-4-e1734514957482.jpg 791w, https:\/\/www.anastasiapopescu.ro\/liceu\/wp-content\/uploads\/2024\/12\/Concert-15dec2024-4-e1734514957482-480x270.jpg 480w\" sizes=\"(min-width: 0px) and (max-width: 480px) 480px, (min-width: 481px) 791px, 100vw\" \/><\/figure>\n\n\n\n<figure class=\"wp-block-image size-full\"><img loading=\"lazy\" decoding=\"async\" width=\"800\" height=\"528\" src=\"https:\/\/www.anastasiapopescu.ro\/liceu\/wp-content\/uploads\/2024\/12\/Concert-15dec2024-5-e1734515012131.jpg\" alt=\"\" class=\"wp-image-4398\" srcset=\"https:\/\/www.anastasiapopescu.ro\/liceu\/wp-content\/uploads\/2024\/12\/Concert-15dec2024-5-e1734515012131.jpg 800w, https:\/\/www.anastasiapopescu.ro\/liceu\/wp-content\/uploads\/2024\/12\/Concert-15dec2024-5-e1734515012131-480x270.jpg 480w\" sizes=\"(min-width: 0px) and (max-width: 480px) 480px, (min-width: 481px) 800px, 100vw\" \/><\/figure>\n\n\n\n<figure class=\"wp-block-image size-full\"><img loading=\"lazy\" decoding=\"async\" width=\"800\" height=\"528\" src=\"https:\/\/www.anastasiapopescu.ro\/liceu\/wp-content\/uploads\/2024\/12\/Concert-15dec2024-6-e1734515075969.jpg\" alt=\"\" class=\"wp-image-4399\" srcset=\"https:\/\/www.anastasiapopescu.ro\/liceu\/wp-content\/uploads\/2024\/12\/Concert-15dec2024-6-e1734515075969.jpg 800w, https:\/\/www.anastasiapopescu.ro\/liceu\/wp-content\/uploads\/2024\/12\/Concert-15dec2024-6-e1734515075969-480x270.jpg 480w\" sizes=\"(min-width: 0px) and (max-width: 480px) 480px, (min-width: 481px) 800px, 100vw\" \/><\/figure>\n\n\n\n<figure class=\"wp-block-image size-full\"><img loading=\"lazy\" decoding=\"async\" width=\"800\" height=\"528\" src=\"https:\/\/www.anastasiapopescu.ro\/liceu\/wp-content\/uploads\/2024\/12\/Concert-15dec2024-7-e1734515135174.jpg\" alt=\"\" class=\"wp-image-4400\" srcset=\"https:\/\/www.anastasiapopescu.ro\/liceu\/wp-content\/uploads\/2024\/12\/Concert-15dec2024-7-e1734515135174.jpg 800w, https:\/\/www.anastasiapopescu.ro\/liceu\/wp-content\/uploads\/2024\/12\/Concert-15dec2024-7-e1734515135174-480x270.jpg 480w\" sizes=\"(min-width: 0px) and (max-width: 480px) 480px, (min-width: 481px) 800px, 100vw\" \/><\/figure>\n\n\n\n<figure class=\"wp-block-image size-full\"><img loading=\"lazy\" decoding=\"async\" width=\"800\" height=\"532\" src=\"https:\/\/www.anastasiapopescu.ro\/liceu\/wp-content\/uploads\/2024\/12\/Concert-15dec2024-8-e1734515203760.jpg\" alt=\"\" class=\"wp-image-4401\" srcset=\"https:\/\/www.anastasiapopescu.ro\/liceu\/wp-content\/uploads\/2024\/12\/Concert-15dec2024-8-e1734515203760.jpg 800w, https:\/\/www.anastasiapopescu.ro\/liceu\/wp-content\/uploads\/2024\/12\/Concert-15dec2024-8-e1734515203760-480x270.jpg 480w\" sizes=\"(min-width: 0px) and (max-width: 480px) 480px, (min-width: 481px) 800px, 100vw\" \/><\/figure>\n\n\n\n<figure class=\"wp-block-image size-full\"><img loading=\"lazy\" decoding=\"async\" width=\"800\" height=\"592\" src=\"https:\/\/www.anastasiapopescu.ro\/liceu\/wp-content\/uploads\/2024\/12\/Concert-15dec2024-9-e1734515285578.jpg\" alt=\"\" class=\"wp-image-4402\" srcset=\"https:\/\/www.anastasiapopescu.ro\/liceu\/wp-content\/uploads\/2024\/12\/Concert-15dec2024-9-e1734515285578-800x551.jpg 800w, https:\/\/www.anastasiapopescu.ro\/liceu\/wp-content\/uploads\/2024\/12\/Concert-15dec2024-9-e1734515285578-480x270.jpg 480w\" sizes=\"(min-width: 0px) and (max-width: 480px) 480px, (min-width: 481px) and (max-width: 800px) 800px, 100vw\" \/><\/figure>\n\n\n\n<figure class=\"wp-block-image size-full\"><img loading=\"lazy\" decoding=\"async\" width=\"800\" height=\"592\" src=\"https:\/\/www.anastasiapopescu.ro\/liceu\/wp-content\/uploads\/2024\/12\/Concert-15dec2024-10-e1734515368354.jpg\" alt=\"\" class=\"wp-image-4403\" srcset=\"https:\/\/www.anastasiapopescu.ro\/liceu\/wp-content\/uploads\/2024\/12\/Concert-15dec2024-10-e1734515368354-800x551.jpg 800w, https:\/\/www.anastasiapopescu.ro\/liceu\/wp-content\/uploads\/2024\/12\/Concert-15dec2024-10-e1734515368354-480x270.jpg 480w\" sizes=\"(min-width: 0px) and (max-width: 480px) 480px, (min-width: 481px) and (max-width: 800px) 800px, 100vw\" \/><\/figure>\n\n\n\n<figure class=\"wp-block-image size-full\"><img loading=\"lazy\" decoding=\"async\" width=\"800\" height=\"528\" src=\"https:\/\/www.anastasiapopescu.ro\/liceu\/wp-content\/uploads\/2024\/12\/Concert-15dec2024-12-e1734515510753.jpg\" alt=\"\" class=\"wp-image-4405\" srcset=\"https:\/\/www.anastasiapopescu.ro\/liceu\/wp-content\/uploads\/2024\/12\/Concert-15dec2024-12-e1734515510753.jpg 800w, https:\/\/www.anastasiapopescu.ro\/liceu\/wp-content\/uploads\/2024\/12\/Concert-15dec2024-12-e1734515510753-480x270.jpg 480w\" sizes=\"(min-width: 0px) and (max-width: 480px) 480px, (min-width: 481px) 800px, 100vw\" \/><\/figure>\n\n\n\n<figure class=\"wp-block-image size-full\"><img loading=\"lazy\" decoding=\"async\" width=\"800\" height=\"532\" src=\"https:\/\/www.anastasiapopescu.ro\/liceu\/wp-content\/uploads\/2024\/12\/Concert-15dec2024-13-e1734515666871.jpg\" alt=\"\" class=\"wp-image-4407\" srcset=\"https:\/\/www.anastasiapopescu.ro\/liceu\/wp-content\/uploads\/2024\/12\/Concert-15dec2024-13-e1734515666871.jpg 800w, https:\/\/www.anastasiapopescu.ro\/liceu\/wp-content\/uploads\/2024\/12\/Concert-15dec2024-13-e1734515666871-480x270.jpg 480w\" sizes=\"(min-width: 0px) and (max-width: 480px) 480px, (min-width: 481px) 800px, 100vw\" \/><\/figure>\n\n\n\n<figure class=\"wp-block-image size-full\"><img loading=\"lazy\" decoding=\"async\" width=\"800\" height=\"531\" src=\"https:\/\/www.anastasiapopescu.ro\/liceu\/wp-content\/uploads\/2024\/12\/Concert-15dec2024-14-e1734515742717.jpg\" alt=\"\" class=\"wp-image-4408\" srcset=\"https:\/\/www.anastasiapopescu.ro\/liceu\/wp-content\/uploads\/2024\/12\/Concert-15dec2024-14-e1734515742717.jpg 800w, https:\/\/www.anastasiapopescu.ro\/liceu\/wp-content\/uploads\/2024\/12\/Concert-15dec2024-14-e1734515742717-480x270.jpg 480w\" sizes=\"(min-width: 0px) and (max-width: 480px) 480px, (min-width: 481px) 800px, 100vw\" \/><\/figure>\n","protected":false},"excerpt":{"rendered":"<p>Suntem bucuro\u0219i s\u0103 v\u0103 \u00eemp\u0103rt\u0103\u0219im impresii de la concertul nostru tradi\u021bional de colinde sus\u021binut de Corul \u201dSf\u00e2nta Elisabeta\u201d, condus de dna prof. Gra\u021biela Popescu. Evenimentul s-a petrecut \u00een decorul deosebit al Bisericii \u201dPopa Nan\u201d, care a primit, cu acest prilej, \u0219i expozi\u021bia de icoane pe lemn pictate de elevii liceului, sub \u00eendrumarea profesorilor Maria Cioat\u0103, [&hellip;]<\/p>\n","protected":false},"author":4,"featured_media":4406,"comment_status":"open","ping_status":"open","sticky":false,"template":"","format":"standard","meta":{"_et_pb_use_builder":"","_et_pb_old_content":"","_et_gb_content_width":"","_crdt_document":"","footnotes":""},"categories":[4,9],"tags":[196,159,16,10],"class_list":["post-4393","post","type-post","status-publish","format-standard","has-post-thumbnail","hentry","category-evenimente","category-prima-pagina","tag-biserica-popa-nan","tag-craciun","tag-expozitie","tag-liceul-pedagogic-anastasia-popescu"],"_links":{"self":[{"href":"https:\/\/www.anastasiapopescu.ro\/liceu\/wp-json\/wp\/v2\/posts\/4393","targetHints":{"allow":["GET"]}}],"collection":[{"href":"https:\/\/www.anastasiapopescu.ro\/liceu\/wp-json\/wp\/v2\/posts"}],"about":[{"href":"https:\/\/www.anastasiapopescu.ro\/liceu\/wp-json\/wp\/v2\/types\/post"}],"author":[{"embeddable":true,"href":"https:\/\/www.anastasiapopescu.ro\/liceu\/wp-json\/wp\/v2\/users\/4"}],"replies":[{"embeddable":true,"href":"https:\/\/www.anastasiapopescu.ro\/liceu\/wp-json\/wp\/v2\/comments?post=4393"}],"version-history":[{"count":2,"href":"https:\/\/www.anastasiapopescu.ro\/liceu\/wp-json\/wp\/v2\/posts\/4393\/revisions"}],"predecessor-version":[{"id":4610,"href":"https:\/\/www.anastasiapopescu.ro\/liceu\/wp-json\/wp\/v2\/posts\/4393\/revisions\/4610"}],"wp:featuredmedia":[{"embeddable":true,"href":"https:\/\/www.anastasiapopescu.ro\/liceu\/wp-json\/wp\/v2\/media\/4406"}],"wp:attachment":[{"href":"https:\/\/www.anastasiapopescu.ro\/liceu\/wp-json\/wp\/v2\/media?parent=4393"}],"wp:term":[{"taxonomy":"category","embeddable":true,"href":"https:\/\/www.anastasiapopescu.ro\/liceu\/wp-json\/wp\/v2\/categories?post=4393"},{"taxonomy":"post_tag","embeddable":true,"href":"https:\/\/www.anastasiapopescu.ro\/liceu\/wp-json\/wp\/v2\/tags?post=4393"}],"curies":[{"name":"wp","href":"https:\/\/api.w.org\/{rel}","templated":true}]}}