{"id":4303,"date":"2024-08-26T08:30:25","date_gmt":"2024-08-26T05:30:25","guid":{"rendered":"https:\/\/www.anastasiapopescu.ro\/liceu\/?p=4303"},"modified":"2025-08-09T00:03:49","modified_gmt":"2025-08-08T21:03:49","slug":"nu-poti-reduce-scoala-la-scolarizare-ioana","status":"publish","type":"post","link":"https:\/\/www.anastasiapopescu.ro\/liceu\/nu-poti-reduce-scoala-la-scolarizare-ioana\/","title":{"rendered":"\u201eNu po\u021bi reduce \u0219coala la \u0219colarizare&#8221; &#8211; Ioana B\u00e2ldea Constantinescu"},"content":{"rendered":"\n<p class=\"wp-block-paragraph\">Eu nu sunt un profesionist al educa\u021biei \u0219i observa\u021biile mele sunt empirice, failibile \u0219i, de asta nu m\u0103 \u00eendoiesc o clip\u0103, blamabile. Acestea fiind zise, de fapt copiii au, poate, mai multe vacan\u021be \u201eintersti\u021biale\u201d \u0219i, concret, foarte pu\u021bine zile libere. Cele mai multe din vacan\u021bele intersemestriale sunt, pur \u0219i simplu, scufundate de teme, ca un fel de Atlantid\u01ce \u015fcolar\u01ce. Nu spun c\u0103 e vina profesorilor &#8211; cei mai mul\u021bi dintre ei chiar \u00een\u021beleg lipsa de beneficiu a tonelor de exerci\u021bii, fi\u015fe, teste \u0219i parateste, dar au \u00een ceaf\u0103 presiunea p\u01cerin\u021bilor, care vor \u201cs\u0103 lucreze copiii\u201d. Eventual non stop. Eu sunt o mam\u0103 obi\u0219nuit\u0103. Nu m\u0103 erijez \u00een niciun soi de autoritate \u0219i nu dau lec\u021bii nim\u0103nui, c\u0103 nu am c\u01cederea. Nu \u00een\u021beleg, \u00eens\u0103, de ce l-ai vrea lipit cu Superglue de scaun, de ce trebuie s\u0103 fie mereu ocupa\u021bi, de ce nu-i trat\u01cem ca pe oameni care au nevoie de spa\u021biu, de lini\u0219te, de odihn\u0103 real\u0103. Au nevoie s\u0103 fie (\u015fi) cu noi, s\u0103 vorbim, s\u0103 pierdem vremea, s\u0103 r\u00e2dem aiurea, s\u0103 facem orice fac familiile \u00eempreun\u0103 vara, mai pu\u021bin teme. \u0218tiu c\u0103 \u00eenv\u0103\u021barea presupune efort, lips\u01ce de confort \u00eenfr\u01ce\u021bit cu stagnarea, de autosuficien\u021b\u01ce, dar epuizare, sastisire, anxietate nu cred c\u0103 ar trebui s\u0103 presupun\u01ce. Nu \u00eentr-o societate s\u01cen\u01cetoas\u01ce. Ca adul\u021bi, avem voie s\u0103 spunem c\u0103 suntem praf dup\u0103 zece ore de munc\u0103 sau c\u0103 nu vedem \u00een fa\u021ba ochilor de oboseal\u0103 \u00eenainte de concediu. Ca \u201celevi\u201d, nu. \u015etiu c\u01ce \u00een gimnaziu ne temem de Evaluare \u0219i \u00een liceu, de BAC. Parte din problem\u01ce e teama asta exacerbat\u01ce care omoar\u0103 cunoa\u015fterea, ca proces, \u015fi saboteaz\u0103 studiul. Nu po\u021bi reduce \u015fcoala la \u015fcolarizare. Nu po\u021bi studia nimic la foc continuu. Nu po\u021bi contempla lumea, via\u021ba, pe tine, dac\u0103 \u021bi se ocup\u0103 fiece f\u01cer\u00e2m\u01ce de timp cu munc\u0103. Nu po\u021bi s\u0103 cre\u0219ti intelectual, s\u0103 performezi, c\u0103 tot ador\u01cem acest cuv\u00e2nt complet dezbr\u0103cat de sens la c\u00e2t de tare l-am tocit, s\u0103 devii cine e\u0219ti. Po\u021bi doar s\u0103-\u021bi faci temele.<\/p>\n\n\n\n<p class=\"wp-block-paragraph\">Ioana B\u00e2ldea Constantinescu<br>.<br>Imagine: Bust de copil, Gian Cristoforo Romano, 1489, Ca\u2019 d\u2019Oro<\/p>\n\n\n\n<figure class=\"wp-block-image size-large\"><img loading=\"lazy\" decoding=\"async\" width=\"720\" height=\"900\" src=\"https:\/\/www.anastasiapopescu.ro\/liceu\/wp-content\/uploads\/2024\/09\/FB_IMG_1725427238624-720x900.jpg\" alt=\"\" class=\"wp-image-4304\"\/><\/figure>\n\n\n\n<p class=\"wp-block-paragraph\"><br><\/p>\n","protected":false},"excerpt":{"rendered":"<p>Eu nu sunt un profesionist al educa\u021biei \u0219i observa\u021biile mele sunt empirice, failibile \u0219i, de asta nu m\u0103 \u00eendoiesc o clip\u0103, blamabile. Acestea fiind zise, de fapt copiii au, poate, mai multe vacan\u021be \u201eintersti\u021biale\u201d \u0219i, concret, foarte pu\u021bine zile libere. Cele mai multe din vacan\u021bele intersemestriale sunt, pur \u0219i simplu, scufundate de teme, ca un [&hellip;]<\/p>\n","protected":false},"author":4,"featured_media":4308,"comment_status":"open","ping_status":"open","sticky":false,"template":"","format":"standard","meta":{"_et_pb_use_builder":"","_et_pb_old_content":"","_et_gb_content_width":"","_crdt_document":"","footnotes":""},"categories":[8,4],"tags":[33,62,10],"class_list":["post-4303","post","type-post","status-publish","format-standard","has-post-thumbnail","hentry","category-blog-appo","category-evenimente","tag-academia-parintilor-preocupati","tag-educatie","tag-liceul-pedagogic-anastasia-popescu"],"_links":{"self":[{"href":"https:\/\/www.anastasiapopescu.ro\/liceu\/wp-json\/wp\/v2\/posts\/4303","targetHints":{"allow":["GET"]}}],"collection":[{"href":"https:\/\/www.anastasiapopescu.ro\/liceu\/wp-json\/wp\/v2\/posts"}],"about":[{"href":"https:\/\/www.anastasiapopescu.ro\/liceu\/wp-json\/wp\/v2\/types\/post"}],"author":[{"embeddable":true,"href":"https:\/\/www.anastasiapopescu.ro\/liceu\/wp-json\/wp\/v2\/users\/4"}],"replies":[{"embeddable":true,"href":"https:\/\/www.anastasiapopescu.ro\/liceu\/wp-json\/wp\/v2\/comments?post=4303"}],"version-history":[{"count":3,"href":"https:\/\/www.anastasiapopescu.ro\/liceu\/wp-json\/wp\/v2\/posts\/4303\/revisions"}],"predecessor-version":[{"id":4718,"href":"https:\/\/www.anastasiapopescu.ro\/liceu\/wp-json\/wp\/v2\/posts\/4303\/revisions\/4718"}],"wp:featuredmedia":[{"embeddable":true,"href":"https:\/\/www.anastasiapopescu.ro\/liceu\/wp-json\/wp\/v2\/media\/4308"}],"wp:attachment":[{"href":"https:\/\/www.anastasiapopescu.ro\/liceu\/wp-json\/wp\/v2\/media?parent=4303"}],"wp:term":[{"taxonomy":"category","embeddable":true,"href":"https:\/\/www.anastasiapopescu.ro\/liceu\/wp-json\/wp\/v2\/categories?post=4303"},{"taxonomy":"post_tag","embeddable":true,"href":"https:\/\/www.anastasiapopescu.ro\/liceu\/wp-json\/wp\/v2\/tags?post=4303"}],"curies":[{"name":"wp","href":"https:\/\/api.w.org\/{rel}","templated":true}]}}