{"id":4215,"date":"2024-06-03T11:51:00","date_gmt":"2024-06-03T08:51:00","guid":{"rendered":"https:\/\/www.anastasiapopescu.ro\/liceu\/?p=4215"},"modified":"2024-06-03T15:23:41","modified_gmt":"2024-06-03T12:23:41","slug":"relatia-armonioasa-dintre-mama-si-fiica","status":"publish","type":"post","link":"https:\/\/www.anastasiapopescu.ro\/liceu\/relatia-armonioasa-dintre-mama-si-fiica\/","title":{"rendered":"Inteligen\u021ba emo\u021bional\u0103: rela\u021bia armonioas\u0103 dintre mam\u0103 \u0219i fiic\u0103"},"content":{"rendered":"\n<p class=\"wp-block-paragraph\">Eleva Liceului nostru, Natalia Og\u0103raru, elev\u0103 \u00een clasa XI-a \u201eProf. Constantin Ni\u021bulescu\u201d, ne dezv\u0103luie c\u00e2t de frumos poate g\u00e2ndi o adolescent\u0103, c\u00e2t de implicat\u0103 poate fi \u00een construirea propriei cariere, ce valoroase sunt rela\u021biile armonioase dintre mam\u0103 \u0219i fiic\u0103 \u0219i ce frumoas\u0103 este o familie \u00eemplinit\u0103.<\/p>\n\n\n\n<p class=\"wp-block-paragraph\"><\/p>\n\n\n\n<figure class=\"wp-block-embed is-type-video is-provider-youtube wp-block-embed-youtube wp-embed-aspect-16-9 wp-has-aspect-ratio\"><div class=\"wp-block-embed__wrapper\">\n<iframe loading=\"lazy\" title=\"RELA\u021aIA DINTRE MAM\u0102 \u0218I FIICA | NATALIA \u0219i ANDREEA OG\u0102RARU | JURNAL DE ADOLESCENT cu ALINA ILIOI\" width=\"1080\" height=\"608\" src=\"https:\/\/www.youtube.com\/embed\/7cG5Z3hI_84?feature=oembed\"  allow=\"accelerometer; autoplay; clipboard-write; encrypted-media; gyroscope; picture-in-picture; web-share\" referrerpolicy=\"strict-origin-when-cross-origin\" allowfullscreen><\/iframe>\n<\/div><\/figure>\n","protected":false},"excerpt":{"rendered":"<p>Eleva Liceului nostru, Natalia Og\u0103raru, elev\u0103 \u00een clasa XI-a \u201eProf. Constantin Ni\u021bulescu\u201d, ne dezv\u0103luie c\u00e2t de frumos poate g\u00e2ndi o adolescent\u0103, c\u00e2t de implicat\u0103 poate fi \u00een construirea propriei cariere, ce valoroase sunt rela\u021biile armonioase dintre mam\u0103 \u0219i fiic\u0103 \u0219i ce frumoas\u0103 este o familie \u00eemplinit\u0103.<\/p>\n","protected":false},"author":4,"featured_media":4216,"comment_status":"open","ping_status":"open","sticky":false,"template":"","format":"standard","meta":{"_et_pb_use_builder":"","_et_pb_old_content":"","_et_gb_content_width":"","_crdt_document":"","footnotes":""},"categories":[8,4],"tags":[33,55,10],"class_list":["post-4215","post","type-post","status-publish","format-standard","has-post-thumbnail","hentry","category-blog-appo","category-evenimente","tag-academia-parintilor-preocupati","tag-inteligenta-emotionala","tag-liceul-pedagogic-anastasia-popescu"],"_links":{"self":[{"href":"https:\/\/www.anastasiapopescu.ro\/liceu\/wp-json\/wp\/v2\/posts\/4215","targetHints":{"allow":["GET"]}}],"collection":[{"href":"https:\/\/www.anastasiapopescu.ro\/liceu\/wp-json\/wp\/v2\/posts"}],"about":[{"href":"https:\/\/www.anastasiapopescu.ro\/liceu\/wp-json\/wp\/v2\/types\/post"}],"author":[{"embeddable":true,"href":"https:\/\/www.anastasiapopescu.ro\/liceu\/wp-json\/wp\/v2\/users\/4"}],"replies":[{"embeddable":true,"href":"https:\/\/www.anastasiapopescu.ro\/liceu\/wp-json\/wp\/v2\/comments?post=4215"}],"version-history":[{"count":2,"href":"https:\/\/www.anastasiapopescu.ro\/liceu\/wp-json\/wp\/v2\/posts\/4215\/revisions"}],"predecessor-version":[{"id":4218,"href":"https:\/\/www.anastasiapopescu.ro\/liceu\/wp-json\/wp\/v2\/posts\/4215\/revisions\/4218"}],"wp:featuredmedia":[{"embeddable":true,"href":"https:\/\/www.anastasiapopescu.ro\/liceu\/wp-json\/wp\/v2\/media\/4216"}],"wp:attachment":[{"href":"https:\/\/www.anastasiapopescu.ro\/liceu\/wp-json\/wp\/v2\/media?parent=4215"}],"wp:term":[{"taxonomy":"category","embeddable":true,"href":"https:\/\/www.anastasiapopescu.ro\/liceu\/wp-json\/wp\/v2\/categories?post=4215"},{"taxonomy":"post_tag","embeddable":true,"href":"https:\/\/www.anastasiapopescu.ro\/liceu\/wp-json\/wp\/v2\/tags?post=4215"}],"curies":[{"name":"wp","href":"https:\/\/api.w.org\/{rel}","templated":true}]}}