{"id":4051,"date":"2024-04-16T12:35:47","date_gmt":"2024-04-16T09:35:47","guid":{"rendered":"https:\/\/www.anastasiapopescu.ro\/liceu\/?p=4051"},"modified":"2024-06-01T07:09:25","modified_gmt":"2024-06-01T04:09:25","slug":"invitatie-la-concertul-de-colinde-pentru-florii-si-pasti","status":"publish","type":"post","link":"https:\/\/www.anastasiapopescu.ro\/liceu\/invitatie-la-concertul-de-colinde-pentru-florii-si-pasti\/","title":{"rendered":"Invita\u021bie la concertul de colinde pentru Florii \u0219i Pa\u0219ti"},"content":{"rendered":"\n<p class=\"wp-block-paragraph\">Concertul pe care ni-l dorim at\u00e2t de mult v\u0103 a\u0219teapt\u0103!&nbsp;<\/p>\n\n\n\n<p class=\"wp-block-paragraph\">Doina Lavric Parghel \u0219i Corul \u201eSf\u00e2nta Elisabeta\u201d vor interpreta Colinde pentru Florii \u0219i Pa\u0219ti, un proiect de suflet al Liceului nostru.<\/p>\n\n\n\n<p class=\"wp-block-paragraph\">La 25 de ani de la \u00eenfiin\u021barea ansamblului coral, in memoriam Elisabeta \u0218erb\u0103nescu (n\u0103scut\u0103 Mih\u0103ilescu), beneficiem de \u00eent\u00e2lnirea de poveste cu Doina Lavric Parghel, de\u021bin\u0103toarea unei comori de pove\u0219ti \u0219i legende. Joi, pe 18 aprilie, la ora 17.00, ne va oferi un prim strop de frumuse\u021be.<\/p>\n\n\n\n<p class=\"wp-block-paragraph\">V\u0103 vom \u00eent\u00e2mpina cu bra\u021bele deschise \u0219i mult\u0103 emo\u021bie la Sala Gloria, str. Bucovina, nr. 6.<\/p>\n\n\n\n<figure class=\"wp-block-image size-large\"><img loading=\"lazy\" decoding=\"async\" width=\"636\" height=\"900\" src=\"https:\/\/www.anastasiapopescu.ro\/liceu\/wp-content\/uploads\/2024\/04\/Invitatie-Pasti-apr2024-636x900.jpg\" alt=\"\" class=\"wp-image-4052\" srcset=\"https:\/\/www.anastasiapopescu.ro\/liceu\/wp-content\/uploads\/2024\/04\/Invitatie-Pasti-apr2024-636x900.jpg 636w, https:\/\/www.anastasiapopescu.ro\/liceu\/wp-content\/uploads\/2024\/04\/Invitatie-Pasti-apr2024-480x679.jpg 480w\" sizes=\"(min-width: 0px) and (max-width: 480px) 480px, (min-width: 481px) 636px, 100vw\" \/><\/figure>\n","protected":false},"excerpt":{"rendered":"<p>Concertul pe care ni-l dorim at\u00e2t de mult v\u0103 a\u0219teapt\u0103!&nbsp; Doina Lavric Parghel \u0219i Corul \u201eSf\u00e2nta Elisabeta\u201d vor interpreta Colinde pentru Florii \u0219i Pa\u0219ti, un proiect de suflet al Liceului nostru. La 25 de ani de la \u00eenfiin\u021barea ansamblului coral, in memoriam Elisabeta \u0218erb\u0103nescu (n\u0103scut\u0103 Mih\u0103ilescu), beneficiem de \u00eent\u00e2lnirea de poveste cu Doina Lavric Parghel, [&hellip;]<\/p>\n","protected":false},"author":4,"featured_media":4053,"comment_status":"open","ping_status":"open","sticky":false,"template":"","format":"standard","meta":{"_et_pb_use_builder":"","_et_pb_old_content":"","_et_gb_content_width":"","_crdt_document":"","footnotes":""},"categories":[4,9],"tags":[129,263,10,131],"class_list":["post-4051","post","type-post","status-publish","format-standard","has-post-thumbnail","hentry","category-evenimente","category-prima-pagina","tag-colinde","tag-concert","tag-liceul-pedagogic-anastasia-popescu","tag-pasti"],"_links":{"self":[{"href":"https:\/\/www.anastasiapopescu.ro\/liceu\/wp-json\/wp\/v2\/posts\/4051","targetHints":{"allow":["GET"]}}],"collection":[{"href":"https:\/\/www.anastasiapopescu.ro\/liceu\/wp-json\/wp\/v2\/posts"}],"about":[{"href":"https:\/\/www.anastasiapopescu.ro\/liceu\/wp-json\/wp\/v2\/types\/post"}],"author":[{"embeddable":true,"href":"https:\/\/www.anastasiapopescu.ro\/liceu\/wp-json\/wp\/v2\/users\/4"}],"replies":[{"embeddable":true,"href":"https:\/\/www.anastasiapopescu.ro\/liceu\/wp-json\/wp\/v2\/comments?post=4051"}],"version-history":[{"count":1,"href":"https:\/\/www.anastasiapopescu.ro\/liceu\/wp-json\/wp\/v2\/posts\/4051\/revisions"}],"predecessor-version":[{"id":4054,"href":"https:\/\/www.anastasiapopescu.ro\/liceu\/wp-json\/wp\/v2\/posts\/4051\/revisions\/4054"}],"wp:featuredmedia":[{"embeddable":true,"href":"https:\/\/www.anastasiapopescu.ro\/liceu\/wp-json\/wp\/v2\/media\/4053"}],"wp:attachment":[{"href":"https:\/\/www.anastasiapopescu.ro\/liceu\/wp-json\/wp\/v2\/media?parent=4051"}],"wp:term":[{"taxonomy":"category","embeddable":true,"href":"https:\/\/www.anastasiapopescu.ro\/liceu\/wp-json\/wp\/v2\/categories?post=4051"},{"taxonomy":"post_tag","embeddable":true,"href":"https:\/\/www.anastasiapopescu.ro\/liceu\/wp-json\/wp\/v2\/tags?post=4051"}],"curies":[{"name":"wp","href":"https:\/\/api.w.org\/{rel}","templated":true}]}}