{"id":3147,"date":"2023-01-14T01:28:21","date_gmt":"2023-01-13T22:28:21","guid":{"rendered":"https:\/\/www.anastasiapopescu.ro\/liceu\/?p=3147"},"modified":"2023-01-23T14:26:33","modified_gmt":"2023-01-23T11:26:33","slug":"ghirlanda-omagiala-pe-umerii-lui-eminescu","status":"publish","type":"post","link":"https:\/\/www.anastasiapopescu.ro\/liceu\/ghirlanda-omagiala-pe-umerii-lui-eminescu\/","title":{"rendered":"Ghirlanda omagial\u0103 pe umerii lui Eminescu"},"content":{"rendered":"\n<p class=\"wp-block-paragraph\">De ani de zile ne \u00eencepem prima s\u0103pt\u0103m\u00e2n\u0103 de \u0219coal\u0103 de dup\u0103 vacan\u021ba de Cr\u0103ciun prin s\u0103rb\u0103torirea zilei de na\u0219tere a celui care ne-a d\u0103ruit cea mai frumoas\u0103 limb\u0103 \u00een care s\u0103 vorbim, \u00eenv\u0103\u021b\u0103m, glumim, iubim, scriem, g\u00e2ndim. E vorba, desigur, de Mihai Eminescu. \u0218i am preluat din cartea Anei Blandiana, &#8222;Fals tratat de manipulare&#8221;, obiceiul de a duce un &#8222;\u0219arpe &#8221; de brad si garoafe ro\u0219ii, \u0219i de a-l depune pe umerii poetului. Ana Blandiana ni s-a al\u0103turat \u00een aceast\u0103 tradi\u021bie pe care ea \u00eens\u0103\u0219i a p\u0103strat-o vie din mijlocul anilor &#8217;80, datorit\u0103 red\u0103rii pline de via\u021b\u0103. \u0218i anul acesta ea le-a vorbit copiilor despre Eminescu, dar \u0219i despre Geo Bogza \u0219i grupul lor de prieteni \u00eentru Eminescu, prieteni ce \u00eencercau s\u0103 arate c\u0103 luna ianuarie a dat lumii un om mai mare pe 15 dec\u00e2t cel de pe 26. Odat\u0103 \u00eentra\u021bi \u00een Ateneu, pentru c\u0103 am avut parte \u0219i de bucuria aceasta, Ana Blandiana le-a t\u00e2lcuit fresca ce str\u0103juie\u0219te pere\u021bii celebrului edificiu de cultur\u0103. \u0218i uite a\u0219a, poe\u021bi, domnitori, elevi, profesori de atunci \u0219i de-acum, ne-am reg\u0103sit \u00eentr-o mare fresc\u0103 a sufletului neamului rom\u00e2nesc. Mul\u021bumim, Eminescu! Mul\u021bumim, Ana Blandiana! Iat\u0103 c\u00e2teva fotografii extraordinare de la acest eveniment emblematic al Liceului nostru!<\/p>\n\n\n\n<p class=\"wp-block-paragraph\">prof. <strong>Ivona Boitan<\/strong><\/p>\n\n\n\n<p class=\"wp-block-paragraph\"><\/p>\n\n\n\n<figure class=\"wp-block-image size-full\"><img loading=\"lazy\" decoding=\"async\" width=\"800\" height=\"534\" src=\"https:\/\/www.anastasiapopescu.ro\/liceu\/wp-content\/uploads\/2023\/01\/Eminescu-ian2022-1.jpg\" alt=\"\" class=\"wp-image-3181\" srcset=\"https:\/\/www.anastasiapopescu.ro\/liceu\/wp-content\/uploads\/2023\/01\/Eminescu-ian2022-1.jpg 800w, https:\/\/www.anastasiapopescu.ro\/liceu\/wp-content\/uploads\/2023\/01\/Eminescu-ian2022-1-480x320.jpg 480w\" sizes=\"(min-width: 0px) and (max-width: 480px) 480px, (min-width: 481px) 800px, 100vw\" \/><\/figure>\n\n\n\n<figure class=\"wp-block-image size-full\"><img loading=\"lazy\" decoding=\"async\" width=\"800\" height=\"534\" src=\"https:\/\/www.anastasiapopescu.ro\/liceu\/wp-content\/uploads\/2023\/01\/Eminescu-ian2022-2.jpg\" alt=\"\" class=\"wp-image-3182\" srcset=\"https:\/\/www.anastasiapopescu.ro\/liceu\/wp-content\/uploads\/2023\/01\/Eminescu-ian2022-2.jpg 800w, https:\/\/www.anastasiapopescu.ro\/liceu\/wp-content\/uploads\/2023\/01\/Eminescu-ian2022-2-480x320.jpg 480w\" sizes=\"(min-width: 0px) and (max-width: 480px) 480px, (min-width: 481px) 800px, 100vw\" \/><\/figure>\n\n\n\n<figure class=\"wp-block-image size-full\"><img loading=\"lazy\" decoding=\"async\" width=\"800\" height=\"534\" src=\"https:\/\/www.anastasiapopescu.ro\/liceu\/wp-content\/uploads\/2023\/01\/Eminescu-ian2022-3.jpg\" alt=\"\" class=\"wp-image-3183\" srcset=\"https:\/\/www.anastasiapopescu.ro\/liceu\/wp-content\/uploads\/2023\/01\/Eminescu-ian2022-3.jpg 800w, https:\/\/www.anastasiapopescu.ro\/liceu\/wp-content\/uploads\/2023\/01\/Eminescu-ian2022-3-480x320.jpg 480w\" sizes=\"(min-width: 0px) and (max-width: 480px) 480px, (min-width: 481px) 800px, 100vw\" \/><\/figure>\n\n\n\n<figure class=\"wp-block-image size-large\"><img loading=\"lazy\" decoding=\"async\" width=\"602\" height=\"900\" src=\"https:\/\/www.anastasiapopescu.ro\/liceu\/wp-content\/uploads\/2023\/01\/Eminescu-ian2022-4-602x900.jpg\" alt=\"\" class=\"wp-image-3184\" srcset=\"https:\/\/www.anastasiapopescu.ro\/liceu\/wp-content\/uploads\/2023\/01\/Eminescu-ian2022-4-602x900.jpg 602w, https:\/\/www.anastasiapopescu.ro\/liceu\/wp-content\/uploads\/2023\/01\/Eminescu-ian2022-4-480x718.jpg 480w\" sizes=\"(min-width: 0px) and (max-width: 480px) 480px, (min-width: 481px) 602px, 100vw\" \/><\/figure>\n\n\n\n<figure class=\"wp-block-image size-large\"><img loading=\"lazy\" decoding=\"async\" width=\"900\" height=\"600\" src=\"https:\/\/www.anastasiapopescu.ro\/liceu\/wp-content\/uploads\/2023\/01\/Eminescu-ian2022-5-900x600.jpg\" alt=\"\" class=\"wp-image-3185\"\/><\/figure>\n\n\n\n<figure class=\"wp-block-image size-full\"><img loading=\"lazy\" decoding=\"async\" width=\"800\" height=\"440\" src=\"https:\/\/www.anastasiapopescu.ro\/liceu\/wp-content\/uploads\/2023\/01\/Eminescu-ian2022-6.jpg\" alt=\"\" class=\"wp-image-3187\" srcset=\"https:\/\/www.anastasiapopescu.ro\/liceu\/wp-content\/uploads\/2023\/01\/Eminescu-ian2022-6.jpg 800w, https:\/\/www.anastasiapopescu.ro\/liceu\/wp-content\/uploads\/2023\/01\/Eminescu-ian2022-6-480x264.jpg 480w\" sizes=\"(min-width: 0px) and (max-width: 480px) 480px, (min-width: 481px) 800px, 100vw\" \/><\/figure>\n\n\n\n<figure class=\"wp-block-image size-large\"><img loading=\"lazy\" decoding=\"async\" width=\"737\" height=\"900\" src=\"https:\/\/www.anastasiapopescu.ro\/liceu\/wp-content\/uploads\/2023\/01\/Eminescu-ian2022-7-737x900.jpg\" alt=\"\" class=\"wp-image-3188\" srcset=\"https:\/\/www.anastasiapopescu.ro\/liceu\/wp-content\/uploads\/2023\/01\/Eminescu-ian2022-7-737x900.jpg 737w, https:\/\/www.anastasiapopescu.ro\/liceu\/wp-content\/uploads\/2023\/01\/Eminescu-ian2022-7-480x586.jpg 480w\" sizes=\"(min-width: 0px) and (max-width: 480px) 480px, (min-width: 481px) 737px, 100vw\" \/><\/figure>\n\n\n\n<figure class=\"wp-block-image size-full\"><img loading=\"lazy\" decoding=\"async\" width=\"729\" height=\"407\" src=\"https:\/\/www.anastasiapopescu.ro\/liceu\/wp-content\/uploads\/2023\/01\/Eminescu-ian2022-8.jpg\" alt=\"\" class=\"wp-image-3189\" srcset=\"https:\/\/www.anastasiapopescu.ro\/liceu\/wp-content\/uploads\/2023\/01\/Eminescu-ian2022-8.jpg 729w, https:\/\/www.anastasiapopescu.ro\/liceu\/wp-content\/uploads\/2023\/01\/Eminescu-ian2022-8-480x268.jpg 480w\" sizes=\"(min-width: 0px) and (max-width: 480px) 480px, (min-width: 481px) 729px, 100vw\" \/><\/figure>\n\n\n\n<figure class=\"wp-block-image size-full\"><img loading=\"lazy\" decoding=\"async\" width=\"800\" height=\"548\" src=\"https:\/\/www.anastasiapopescu.ro\/liceu\/wp-content\/uploads\/2023\/01\/Eminescu-ian2022-9.jpg\" alt=\"\" class=\"wp-image-3190\" srcset=\"https:\/\/www.anastasiapopescu.ro\/liceu\/wp-content\/uploads\/2023\/01\/Eminescu-ian2022-9.jpg 800w, https:\/\/www.anastasiapopescu.ro\/liceu\/wp-content\/uploads\/2023\/01\/Eminescu-ian2022-9-480x329.jpg 480w\" sizes=\"(min-width: 0px) and (max-width: 480px) 480px, (min-width: 481px) 800px, 100vw\" \/><\/figure>\n\n\n\n<figure class=\"wp-block-image size-full\"><img loading=\"lazy\" decoding=\"async\" width=\"800\" height=\"559\" src=\"https:\/\/www.anastasiapopescu.ro\/liceu\/wp-content\/uploads\/2023\/01\/Eminescu-ian2022-10.jpg\" alt=\"\" class=\"wp-image-3191\" srcset=\"https:\/\/www.anastasiapopescu.ro\/liceu\/wp-content\/uploads\/2023\/01\/Eminescu-ian2022-10.jpg 800w, https:\/\/www.anastasiapopescu.ro\/liceu\/wp-content\/uploads\/2023\/01\/Eminescu-ian2022-10-480x335.jpg 480w\" sizes=\"(min-width: 0px) and (max-width: 480px) 480px, (min-width: 481px) 800px, 100vw\" \/><\/figure>\n\n\n\n<figure class=\"wp-block-image size-large\"><img loading=\"lazy\" decoding=\"async\" width=\"600\" height=\"900\" src=\"https:\/\/www.anastasiapopescu.ro\/liceu\/wp-content\/uploads\/2023\/01\/Eminescu-ian2022-11-600x900.jpg\" alt=\"\" class=\"wp-image-3192\" srcset=\"https:\/\/www.anastasiapopescu.ro\/liceu\/wp-content\/uploads\/2023\/01\/Eminescu-ian2022-11-600x900.jpg 600w, https:\/\/www.anastasiapopescu.ro\/liceu\/wp-content\/uploads\/2023\/01\/Eminescu-ian2022-11-480x720.jpg 480w\" sizes=\"(min-width: 0px) and (max-width: 480px) 480px, (min-width: 481px) 600px, 100vw\" \/><\/figure>\n\n\n\n<figure class=\"wp-block-image size-large\"><img loading=\"lazy\" decoding=\"async\" width=\"622\" height=\"900\" src=\"https:\/\/www.anastasiapopescu.ro\/liceu\/wp-content\/uploads\/2023\/01\/Eminescu-ian2022-12-622x900.jpg\" alt=\"\" class=\"wp-image-3193\" srcset=\"https:\/\/www.anastasiapopescu.ro\/liceu\/wp-content\/uploads\/2023\/01\/Eminescu-ian2022-12-622x900.jpg 622w, https:\/\/www.anastasiapopescu.ro\/liceu\/wp-content\/uploads\/2023\/01\/Eminescu-ian2022-12-480x694.jpg 480w\" sizes=\"(min-width: 0px) and (max-width: 480px) 480px, (min-width: 481px) 622px, 100vw\" \/><\/figure>\n\n\n\n<figure class=\"wp-block-image size-full\"><img loading=\"lazy\" decoding=\"async\" width=\"800\" height=\"534\" src=\"https:\/\/www.anastasiapopescu.ro\/liceu\/wp-content\/uploads\/2023\/01\/Eminescu-ian2022-13.jpg\" alt=\"\" class=\"wp-image-3194\" srcset=\"https:\/\/www.anastasiapopescu.ro\/liceu\/wp-content\/uploads\/2023\/01\/Eminescu-ian2022-13.jpg 800w, https:\/\/www.anastasiapopescu.ro\/liceu\/wp-content\/uploads\/2023\/01\/Eminescu-ian2022-13-480x320.jpg 480w\" sizes=\"(min-width: 0px) and (max-width: 480px) 480px, (min-width: 481px) 800px, 100vw\" \/><\/figure>\n\n\n\n<figure class=\"wp-block-image size-full\"><img loading=\"lazy\" decoding=\"async\" width=\"800\" height=\"534\" src=\"https:\/\/www.anastasiapopescu.ro\/liceu\/wp-content\/uploads\/2023\/01\/Eminescu-ian2022-14.jpg\" alt=\"\" class=\"wp-image-3195\" srcset=\"https:\/\/www.anastasiapopescu.ro\/liceu\/wp-content\/uploads\/2023\/01\/Eminescu-ian2022-14.jpg 800w, https:\/\/www.anastasiapopescu.ro\/liceu\/wp-content\/uploads\/2023\/01\/Eminescu-ian2022-14-480x320.jpg 480w\" sizes=\"(min-width: 0px) and (max-width: 480px) 480px, (min-width: 481px) 800px, 100vw\" \/><\/figure>\n","protected":false},"excerpt":{"rendered":"<p>De ani de zile ne \u00eencepem prima s\u0103pt\u0103m\u00e2n\u0103 de \u0219coal\u0103 de dup\u0103 vacan\u021ba de Cr\u0103ciun prin s\u0103rb\u0103torirea zilei de na\u0219tere a celui care ne-a d\u0103ruit cea mai frumoas\u0103 limb\u0103 \u00een care s\u0103 vorbim, \u00eenv\u0103\u021b\u0103m, glumim, iubim, scriem, g\u00e2ndim. E vorba, desigur, de Mihai Eminescu. \u0218i am preluat din cartea Anei Blandiana, &#8222;Fals tratat de manipulare&#8221;, [&hellip;]<\/p>\n","protected":false},"author":4,"featured_media":3163,"comment_status":"open","ping_status":"open","sticky":false,"template":"","format":"standard","meta":{"_et_pb_use_builder":"","_et_pb_old_content":"","_et_gb_content_width":"","_crdt_document":"","footnotes":""},"categories":[4,9],"tags":[34,10,35],"class_list":["post-3147","post","type-post","status-publish","format-standard","has-post-thumbnail","hentry","category-evenimente","category-prima-pagina","tag-ana-blandiana","tag-liceul-pedagogic-anastasia-popescu","tag-mihai-eminescu"],"_links":{"self":[{"href":"https:\/\/www.anastasiapopescu.ro\/liceu\/wp-json\/wp\/v2\/posts\/3147","targetHints":{"allow":["GET"]}}],"collection":[{"href":"https:\/\/www.anastasiapopescu.ro\/liceu\/wp-json\/wp\/v2\/posts"}],"about":[{"href":"https:\/\/www.anastasiapopescu.ro\/liceu\/wp-json\/wp\/v2\/types\/post"}],"author":[{"embeddable":true,"href":"https:\/\/www.anastasiapopescu.ro\/liceu\/wp-json\/wp\/v2\/users\/4"}],"replies":[{"embeddable":true,"href":"https:\/\/www.anastasiapopescu.ro\/liceu\/wp-json\/wp\/v2\/comments?post=3147"}],"version-history":[{"count":1,"href":"https:\/\/www.anastasiapopescu.ro\/liceu\/wp-json\/wp\/v2\/posts\/3147\/revisions"}],"predecessor-version":[{"id":3196,"href":"https:\/\/www.anastasiapopescu.ro\/liceu\/wp-json\/wp\/v2\/posts\/3147\/revisions\/3196"}],"wp:featuredmedia":[{"embeddable":true,"href":"https:\/\/www.anastasiapopescu.ro\/liceu\/wp-json\/wp\/v2\/media\/3163"}],"wp:attachment":[{"href":"https:\/\/www.anastasiapopescu.ro\/liceu\/wp-json\/wp\/v2\/media?parent=3147"}],"wp:term":[{"taxonomy":"category","embeddable":true,"href":"https:\/\/www.anastasiapopescu.ro\/liceu\/wp-json\/wp\/v2\/categories?post=3147"},{"taxonomy":"post_tag","embeddable":true,"href":"https:\/\/www.anastasiapopescu.ro\/liceu\/wp-json\/wp\/v2\/tags?post=3147"}],"curies":[{"name":"wp","href":"https:\/\/api.w.org\/{rel}","templated":true}]}}