{"id":3140,"date":"2023-01-05T17:37:58","date_gmt":"2023-01-05T14:37:58","guid":{"rendered":"https:\/\/www.anastasiapopescu.ro\/liceu\/?p=3140"},"modified":"2023-01-23T15:26:13","modified_gmt":"2023-01-23T12:26:13","slug":"sarbatoarea-nasterii-domnului-sau-bucuria-impartasita","status":"publish","type":"post","link":"https:\/\/www.anastasiapopescu.ro\/liceu\/sarbatoarea-nasterii-domnului-sau-bucuria-impartasita\/","title":{"rendered":"S\u0103rb\u0103toarea Na\u0219terii Domnului sau bucuria \u00eemp\u0103rt\u0103\u0219it\u0103!"},"content":{"rendered":"\n<p class=\"wp-block-paragraph\">Copiii iubesc S\u0103rb\u0103torile Cr\u0103ciunului nu doar pentru cadourile pe care le primesc, pentru z\u0103pad\u0103, pentru vacan\u021b\u0103, ci pentru c\u0103 \u00een aceast\u0103 perioad\u0103 se simt parc\u0103 mai iubi\u021bi, mai importan\u021bi, se simt mai \u00eempreun\u0103 cu familia dec\u00e2t \u00een celelalte perioade ale anului, c\u00e2nd rutinele sunt cele ce primeaz\u0103 \u00een via\u021ba de familie.<br>Se \u00eent\u00e2mpl\u0103 ca, \u00een timpul anului, oric\u00e2t ne-am dori s\u0103 fim bucuro\u0219i \u0219i plini de energie, veseli, juc\u0103u\u0219i, s\u0103 nu putem ie\u0219i din starea de \u00eencordare. Grijile \u0219i oboseala acumulat\u0103 ne fac s\u0103 ne pierdem uneori r\u0103bdarea, s\u0103 nu reu\u0219im s\u0103 le acord\u0103m suficient\u0103 aten\u021bie copiilor no\u0219tri! Consecin\u021bele acestor momente negative se reg\u0103sesc \u00een starea emo\u021bional\u0103 a copiilor. Idealul ar fi s\u0103 acord\u0103m tot timpul aten\u021bie familiei, dar, din p\u0103cate, nu reu\u0219im de fiecare dat\u0103, iar copiii sunt primii afecta\u021bi!<br>Tocmai de aceea, Sfintele S\u0103rb\u0103tori se dovedesc un prilej bun, a\u0219teptat cu emo\u021bie de cei mici, dar \u0219i de cei mari, de a recupera. Fiindc\u0103, dincolo de superficialitatea multor simboluri care le \u00eenso\u021besc, se afl\u0103 nevoia de iubire, de familie, de prietenie, de comunitate, de generozitate. Na\u0219terea Domnului \u0219i tot alaiul s\u0103rb\u0103torilor care o \u00eenso\u021besc reprezint\u0103 pentru copii prilejul de a colec\u021biona amintiri de neuitat, de a \u00eenv\u0103\u021ba generozitatea, de a-\u0219i aduna un bagaj de emo\u021bii pozitive pentru toat\u0103 via\u021ba! Copiii \u00eenva\u021b\u0103 s\u0103 experimenteze \u0219i s\u0103 tr\u0103iasc\u0103 \u201ebucuria\u201d! Ei exprim\u0103 cel mai bine acest sentiment \u0219i devin acum un adev\u0103rat barometru al \u201ebucuriei\u201d.<br>Darurile primite de Cr\u0103ciun sunt valoroase, \u00een primul r\u00e2nd, prin mesajul pe care \u00eel con\u021bin. Dar acest sentiment, al bucuriei \u00eemp\u0103r\u021bite, \u00eemp\u0103rt\u0103\u0219ite, se \u00eenva\u021b\u0103 \u00eent\u00e2i \u00een familie \u0219i, mai apoi, se consolideaz\u0103 \u00een \u0219coal\u0103, \u00een rela\u021biile cu prietenii \u0219i colegii. De aceea, este important s\u0103-l l\u0103s\u0103m pe copil s\u0103 se bucure, al\u0103turi de ceilal\u021bi copii, de aceste minunate momente unice din an!<br>A\u0219adar, dragi p\u0103rin\u021bi, fi\u021bi buni, fi\u021bi l\u00e2ng\u0103 copiii vo\u0219tri! Na\u0219terea M\u00e2ntuitorului este un excelent prilej de a-i \u00eenv\u0103\u021ba, tr\u0103ind evenimentele \u00eempreun\u0103, ce \u00eenseamn\u0103 familia \u0219i valorile ei, de a-i \u00eenv\u0103\u021ba s\u0103 se bucure, s\u0103 fie genero\u0219i, s\u0103 primeasc\u0103 \u0219i s\u0103 d\u0103ruiasc\u0103 iubire!<\/p>\n\n\n\n<p class=\"wp-block-paragraph\">Psih. Ileana Z\u0103rnescu<br>Psihoterapie cognitiv \u2013 comportamental\u0103<\/p>\n\n\n\n<p class=\"wp-block-paragraph\">Revista \u201dUniversul copiilor\u201d &#8211; Pagina dedicat\u0103 p\u0103rin\u021bilor<\/p>\n\n\n\n<figure class=\"wp-block-image size-full\"><img loading=\"lazy\" decoding=\"async\" width=\"800\" height=\"566\" src=\"https:\/\/www.anastasiapopescu.ro\/liceu\/wp-content\/uploads\/2023\/01\/12-decembrie-2022.jpg\" alt=\"\" class=\"wp-image-3214\" srcset=\"https:\/\/www.anastasiapopescu.ro\/liceu\/wp-content\/uploads\/2023\/01\/12-decembrie-2022.jpg 800w, https:\/\/www.anastasiapopescu.ro\/liceu\/wp-content\/uploads\/2023\/01\/12-decembrie-2022-480x340.jpg 480w\" sizes=\"(min-width: 0px) and (max-width: 480px) 480px, (min-width: 481px) 800px, 100vw\" \/><\/figure>\n\n\n\n<figure class=\"wp-block-image size-large\"><img loading=\"lazy\" decoding=\"async\" width=\"605\" height=\"900\" src=\"https:\/\/www.anastasiapopescu.ro\/liceu\/wp-content\/uploads\/2023\/01\/12-decembrie-2022-1-605x900.jpg\" alt=\"\" class=\"wp-image-3216\" srcset=\"https:\/\/www.anastasiapopescu.ro\/liceu\/wp-content\/uploads\/2023\/01\/12-decembrie-2022-1-605x900.jpg 605w, https:\/\/www.anastasiapopescu.ro\/liceu\/wp-content\/uploads\/2023\/01\/12-decembrie-2022-1-480x714.jpg 480w\" sizes=\"(min-width: 0px) and (max-width: 480px) 480px, (min-width: 481px) 605px, 100vw\" \/><\/figure>\n","protected":false},"excerpt":{"rendered":"<p>Copiii iubesc S\u0103rb\u0103torile Cr\u0103ciunului nu doar pentru cadourile pe care le primesc, pentru z\u0103pad\u0103, pentru vacan\u021b\u0103, ci pentru c\u0103 \u00een aceast\u0103 perioad\u0103 se simt parc\u0103 mai iubi\u021bi, mai importan\u021bi, se simt mai \u00eempreun\u0103 cu familia dec\u00e2t \u00een celelalte perioade ale anului, c\u00e2nd rutinele sunt cele ce primeaz\u0103 \u00een via\u021ba de familie.Se \u00eent\u00e2mpl\u0103 ca, \u00een timpul [&hellip;]<\/p>\n","protected":false},"author":4,"featured_media":3218,"comment_status":"open","ping_status":"open","sticky":false,"template":"","format":"standard","meta":{"_et_pb_use_builder":"","_et_pb_old_content":"","_et_gb_content_width":"","_crdt_document":"","footnotes":""},"categories":[8,4],"tags":[33,57,150],"class_list":["post-3140","post","type-post","status-publish","format-standard","has-post-thumbnail","hentry","category-blog-appo","category-evenimente","tag-academia-parintilor-preocupati","tag-psihologie","tag-revista-universul-copiilor"],"_links":{"self":[{"href":"https:\/\/www.anastasiapopescu.ro\/liceu\/wp-json\/wp\/v2\/posts\/3140","targetHints":{"allow":["GET"]}}],"collection":[{"href":"https:\/\/www.anastasiapopescu.ro\/liceu\/wp-json\/wp\/v2\/posts"}],"about":[{"href":"https:\/\/www.anastasiapopescu.ro\/liceu\/wp-json\/wp\/v2\/types\/post"}],"author":[{"embeddable":true,"href":"https:\/\/www.anastasiapopescu.ro\/liceu\/wp-json\/wp\/v2\/users\/4"}],"replies":[{"embeddable":true,"href":"https:\/\/www.anastasiapopescu.ro\/liceu\/wp-json\/wp\/v2\/comments?post=3140"}],"version-history":[{"count":1,"href":"https:\/\/www.anastasiapopescu.ro\/liceu\/wp-json\/wp\/v2\/posts\/3140\/revisions"}],"predecessor-version":[{"id":3219,"href":"https:\/\/www.anastasiapopescu.ro\/liceu\/wp-json\/wp\/v2\/posts\/3140\/revisions\/3219"}],"wp:featuredmedia":[{"embeddable":true,"href":"https:\/\/www.anastasiapopescu.ro\/liceu\/wp-json\/wp\/v2\/media\/3218"}],"wp:attachment":[{"href":"https:\/\/www.anastasiapopescu.ro\/liceu\/wp-json\/wp\/v2\/media?parent=3140"}],"wp:term":[{"taxonomy":"category","embeddable":true,"href":"https:\/\/www.anastasiapopescu.ro\/liceu\/wp-json\/wp\/v2\/categories?post=3140"},{"taxonomy":"post_tag","embeddable":true,"href":"https:\/\/www.anastasiapopescu.ro\/liceu\/wp-json\/wp\/v2\/tags?post=3140"}],"curies":[{"name":"wp","href":"https:\/\/api.w.org\/{rel}","templated":true}]}}