{"id":2692,"date":"2021-12-24T16:02:37","date_gmt":"2021-12-24T13:02:37","guid":{"rendered":"https:\/\/www.anastasiapopescu.ro\/liceu\/?p=2692"},"modified":"2021-12-25T05:40:13","modified_gmt":"2021-12-25T02:40:13","slug":"intampinam-cu-bucurie-sarbatoarea-nasterii-domnului","status":"publish","type":"post","link":"https:\/\/www.anastasiapopescu.ro\/liceu\/intampinam-cu-bucurie-sarbatoarea-nasterii-domnului\/","title":{"rendered":"\u00cent\u00e2mpin\u0103m cu bucurie S\u0103rb\u0103toarea Na\u0219terii Domnului"},"content":{"rendered":"\n<p class=\"wp-block-paragraph\" id=\"block-839b120d-6b58-49ea-8a9b-cb66426e0fce\">Colind\u0103torii Liceului Pedagogic Ortodox \u201eAnastasia Popescu\u201d, mici \u0219i mari, de la \u201egr\u0103dinari\u201d la liceeni, v\u0103 doresc S\u0103rb\u0103tori Luminate, cu Pace \u0219i Bucurie!&nbsp;<\/p>\n\n\n\n<p class=\"wp-block-paragraph\" id=\"block-f2ddb2fa-65ad-405e-869c-0634914bd852\">\u201ePraznic luminos<br>Str\u0103lucit frumos<br>Ast\u0103zi ne-a sosit<br>\u0218i ne-a-nveselit<br>C\u0103 M\u00e2ntuitorul<br>\u0218i Izb\u0103vitorul<br>Cu trup S-a n\u0103scut<br>Cu trup S-a n\u0103scut!\u201d<\/p>\n\n\n\n<p class=\"wp-block-paragraph\" id=\"block-bc9df6fd-7bfe-4afd-ab6c-a9e4590a0101\">\ufeff<\/p>\n\n\n\n<figure class=\"wp-block-image\" id=\"block-40b99539-75d2-4a7b-bf12-4429454cf244\"><img decoding=\"async\" src=\"https:\/\/anastasiapopescu.ro\/scoala\/wp-content\/uploads\/Craciun-2021.jpg\" alt=\"Aceast\u0103 imagine are atributul alt gol; numele fi\u0219ierului este Craciun-2021.jpg\"\/><\/figure>\n","protected":false},"excerpt":{"rendered":"<p>Colind\u0103torii Liceului Pedagogic Ortodox \u201eAnastasia Popescu\u201d, mici \u0219i mari, de la \u201egr\u0103dinari\u201d la liceeni, v\u0103 doresc S\u0103rb\u0103tori Luminate, cu Pace \u0219i Bucurie!&nbsp; \u201ePraznic luminosStr\u0103lucit frumosAst\u0103zi ne-a sosit\u0218i ne-a-nveselitC\u0103 M\u00e2ntuitorul\u0218i Izb\u0103vitorulCu trup S-a n\u0103scutCu trup S-a n\u0103scut!\u201d \ufeff<\/p>\n","protected":false},"author":2,"featured_media":2693,"comment_status":"open","ping_status":"open","sticky":false,"template":"","format":"standard","meta":{"_et_pb_use_builder":"","_et_pb_old_content":"","_et_gb_content_width":"","_crdt_document":"","footnotes":""},"categories":[4,9],"tags":[159,10],"class_list":["post-2692","post","type-post","status-publish","format-standard","has-post-thumbnail","hentry","category-evenimente","category-prima-pagina","tag-craciun","tag-liceul-pedagogic-anastasia-popescu"],"_links":{"self":[{"href":"https:\/\/www.anastasiapopescu.ro\/liceu\/wp-json\/wp\/v2\/posts\/2692","targetHints":{"allow":["GET"]}}],"collection":[{"href":"https:\/\/www.anastasiapopescu.ro\/liceu\/wp-json\/wp\/v2\/posts"}],"about":[{"href":"https:\/\/www.anastasiapopescu.ro\/liceu\/wp-json\/wp\/v2\/types\/post"}],"author":[{"embeddable":true,"href":"https:\/\/www.anastasiapopescu.ro\/liceu\/wp-json\/wp\/v2\/users\/2"}],"replies":[{"embeddable":true,"href":"https:\/\/www.anastasiapopescu.ro\/liceu\/wp-json\/wp\/v2\/comments?post=2692"}],"version-history":[{"count":0,"href":"https:\/\/www.anastasiapopescu.ro\/liceu\/wp-json\/wp\/v2\/posts\/2692\/revisions"}],"wp:featuredmedia":[{"embeddable":true,"href":"https:\/\/www.anastasiapopescu.ro\/liceu\/wp-json\/wp\/v2\/media\/2693"}],"wp:attachment":[{"href":"https:\/\/www.anastasiapopescu.ro\/liceu\/wp-json\/wp\/v2\/media?parent=2692"}],"wp:term":[{"taxonomy":"category","embeddable":true,"href":"https:\/\/www.anastasiapopescu.ro\/liceu\/wp-json\/wp\/v2\/categories?post=2692"},{"taxonomy":"post_tag","embeddable":true,"href":"https:\/\/www.anastasiapopescu.ro\/liceu\/wp-json\/wp\/v2\/tags?post=2692"}],"curies":[{"name":"wp","href":"https:\/\/api.w.org\/{rel}","templated":true}]}}