{"id":2905,"date":"2025-08-11T00:55:00","date_gmt":"2025-08-10T21:55:00","guid":{"rendered":"https:\/\/www.anastasiapopescu.ro\/gradinite\/?p=2905"},"modified":"2025-09-01T16:01:23","modified_gmt":"2025-09-01T13:01:23","slug":"sub-semnul-culorii-indigo-noi-cei-de-la-arc-en-ciel-estival-ne-am-aventurat-intr-o-calatorie-fascinanta-prin-sistemul-solar","status":"publish","type":"post","link":"https:\/\/www.anastasiapopescu.ro\/gradinite\/sub-semnul-culorii-indigo-noi-cei-de-la-arc-en-ciel-estival-ne-am-aventurat-intr-o-calatorie-fascinanta-prin-sistemul-solar\/","title":{"rendered":"Sub semnul culorii indigo, noi, cei de la Arc-en-Ciel Estival, ne-am aventurat \u00eentr-o c\u0103l\u0103torie fascinant\u0103 prin sistemul solar!"},"content":{"rendered":"\n<p class=\"wp-block-paragraph\"><\/p>\n\n\n\n<p class=\"wp-block-paragraph\">Copiii au fost curio\u0219i s\u0103 descopere tainele sistemului solar \u2013 am vorbit despre planete, stele \u0219i despre c\u00e2t de mare este spa\u021biul cosmic. <img loading=\"lazy\" decoding=\"async\" height=\"16\" width=\"16\" alt=\"\ud83e\ude90\" src=\"https:\/\/static.xx.fbcdn.net\/images\/emoji.php\/v9\/t50\/1\/16\/1fa90.png\"><\/p>\n\n\n\n<p class=\"wp-block-paragraph\">\u00cen acela\u0219i timp, am \u00eenv\u0103\u021bat c\u0103 P\u0103m\u00e2ntul este doar o mic\u0103 parte dintr-un univers imens \u0219i minunat! <img loading=\"lazy\" decoding=\"async\" height=\"16\" width=\"16\" alt=\"\ud83c\udf0e\" src=\"https:\/\/static.xx.fbcdn.net\/images\/emoji.php\/v9\/tc0\/1\/16\/1f30e.png\"><\/p>\n\n\n\n<p class=\"wp-block-paragraph\"><img loading=\"lazy\" decoding=\"async\" height=\"16\" width=\"16\" alt=\"\ud83e\uded0\" src=\"https:\/\/static.xx.fbcdn.net\/images\/emoji.php\/v9\/t5\/1\/16\/1fad0.png\">\u00cen privin\u021ba aspectului gustos al s\u0103pt\u0103m\u00e2nii, ne-am bucurat de fructe mov: prune, afine \u0219i mure \u2013 s\u0103n\u0103toase \u0219i delicioase! \u0218i am discutat despre c\u00e2t de importante sunt fructele \u00een alimenta\u021bia noastr\u0103 \u0219i c\u00e2t de frumoase sunt culorile naturii.<\/p>\n\n\n\n<p class=\"wp-block-paragraph\">A fost o s\u0103pt\u0103m\u00e2n\u0103 plin\u0103 de curiozitate, culoare \u0219i distrac\u021bie! <img loading=\"lazy\" decoding=\"async\" height=\"16\" width=\"16\" alt=\"\ud83c\udf0c\" src=\"https:\/\/static.xx.fbcdn.net\/images\/emoji.php\/v9\/tbe\/1\/16\/1f30c.png\"><img loading=\"lazy\" decoding=\"async\" height=\"16\" width=\"16\" alt=\"\u2728\" src=\"https:\/\/static.xx.fbcdn.net\/images\/emoji.php\/v9\/tf4\/1\/16\/2728.png\"><\/p>\n\n\n\n<iframe loading=\"lazy\" src=\"https:\/\/www.facebook.com\/plugins\/video.php?height=316&#038;href=https%3A%2F%2Fwww.facebook.com%2Freel%2F1307651427367553%2F&#038;show_text=false&#038;width=560&#038;t=0\" width=\"560\" height=\"316\" style=\"border:none;overflow:hidden\" scrolling=\"no\" frameborder=\"0\" allowfullscreen=\"true\" allow=\"autoplay; clipboard-write; encrypted-media; picture-in-picture; web-share\" allowFullScreen=\"true\"><\/iframe>\n","protected":false},"excerpt":{"rendered":"<p>Copiii au fost curio\u0219i s\u0103 descopere tainele sistemului solar \u2013 am vorbit despre planete, stele \u0219i despre c\u00e2t de mare este spa\u021biul cosmic. \u00cen acela\u0219i timp, am \u00eenv\u0103\u021bat c\u0103 P\u0103m\u00e2ntul este doar o mic\u0103 parte dintr-un univers imens \u0219i minunat! \u00cen privin\u021ba aspectului gustos al s\u0103pt\u0103m\u00e2nii, ne-am bucurat de fructe mov: prune, afine \u0219i mure [&hellip;]<\/p>\n","protected":false},"author":5,"featured_media":3086,"comment_status":"open","ping_status":"open","sticky":false,"template":"","format":"standard","meta":{"_et_pb_use_builder":"","_et_pb_old_content":"","_et_gb_content_width":"","_crdt_document":"","footnotes":""},"categories":[12,8],"tags":[23,127,163,154],"class_list":["post-2905","post","type-post","status-publish","format-standard","has-post-thumbnail","hentry","category-arc-en-ciel-estival","category-prima-pagina","tag-arc-en-ciel-estival","tag-gradinita-si-scoala-de-vacanta","tag-saptamana-indigo","tag-sistem-solar"],"_links":{"self":[{"href":"https:\/\/www.anastasiapopescu.ro\/gradinite\/wp-json\/wp\/v2\/posts\/2905","targetHints":{"allow":["GET"]}}],"collection":[{"href":"https:\/\/www.anastasiapopescu.ro\/gradinite\/wp-json\/wp\/v2\/posts"}],"about":[{"href":"https:\/\/www.anastasiapopescu.ro\/gradinite\/wp-json\/wp\/v2\/types\/post"}],"author":[{"embeddable":true,"href":"https:\/\/www.anastasiapopescu.ro\/gradinite\/wp-json\/wp\/v2\/users\/5"}],"replies":[{"embeddable":true,"href":"https:\/\/www.anastasiapopescu.ro\/gradinite\/wp-json\/wp\/v2\/comments?post=2905"}],"version-history":[{"count":1,"href":"https:\/\/www.anastasiapopescu.ro\/gradinite\/wp-json\/wp\/v2\/posts\/2905\/revisions"}],"predecessor-version":[{"id":2906,"href":"https:\/\/www.anastasiapopescu.ro\/gradinite\/wp-json\/wp\/v2\/posts\/2905\/revisions\/2906"}],"wp:featuredmedia":[{"embeddable":true,"href":"https:\/\/www.anastasiapopescu.ro\/gradinite\/wp-json\/wp\/v2\/media\/3086"}],"wp:attachment":[{"href":"https:\/\/www.anastasiapopescu.ro\/gradinite\/wp-json\/wp\/v2\/media?parent=2905"}],"wp:term":[{"taxonomy":"category","embeddable":true,"href":"https:\/\/www.anastasiapopescu.ro\/gradinite\/wp-json\/wp\/v2\/categories?post=2905"},{"taxonomy":"post_tag","embeddable":true,"href":"https:\/\/www.anastasiapopescu.ro\/gradinite\/wp-json\/wp\/v2\/tags?post=2905"}],"curies":[{"name":"wp","href":"https:\/\/api.w.org\/{rel}","templated":true}]}}