{"id":2901,"date":"2025-08-15T00:48:00","date_gmt":"2025-08-14T21:48:00","guid":{"rendered":"https:\/\/www.anastasiapopescu.ro\/gradinite\/?p=2901"},"modified":"2025-09-01T17:32:09","modified_gmt":"2025-09-01T14:32:09","slug":"saptamana-violet-la-arc-en-ciel-estival","status":"publish","type":"post","link":"https:\/\/www.anastasiapopescu.ro\/gradinite\/saptamana-violet-la-arc-en-ciel-estival\/","title":{"rendered":"S\u0103pt\u0103m\u00e2na violet la Arc-en-Ciel Estival"},"content":{"rendered":"\n<p class=\"wp-block-paragraph\">S\u0103pt\u0103m\u00e2na aceasta, la Arc-en-Ciel Estival, am p\u0103\u0219it \u00eentr-o lume magic\u0103, plin\u0103 de nuan\u021be violet! <img loading=\"lazy\" decoding=\"async\" height=\"16\" width=\"16\" alt=\"\ud83d\udc9c\" src=\"https:\/\/static.xx.fbcdn.net\/images\/emoji.php\/v9\/t96\/1\/16\/1f49c.png\"><\/p>\n\n\n\n<p class=\"wp-block-paragraph\">Am <a><\/a>descoperit frumuse\u021bea florilor violet \u0219i am \u00eenv\u0103\u021bat s\u0103 le recunoa\u0219tem dup\u0103 culoare, form\u0103 \u0219i parfum.<\/p>\n\n\n\n<p class=\"wp-block-paragraph\">Copiii au fost \u00eenc\u00e2nta\u021bi s\u0103 afle c\u0103 aceast\u0103 culoare nobil\u0103 are o poveste special\u0103: prima vopsea violet a fost ob\u021binut\u0103 \u00een urm\u0103 cu mii de ani&#8230; din melci de mare! <img loading=\"lazy\" decoding=\"async\" height=\"16\" width=\"16\" alt=\"\ud83d\udc1a\" src=\"https:\/\/static.xx.fbcdn.net\/images\/emoji.php\/v9\/t9c\/1\/16\/1f41a.png\"><img loading=\"lazy\" decoding=\"async\" height=\"16\" width=\"16\" alt=\"\ud83d\udc9c\" src=\"https:\/\/static.xx.fbcdn.net\/images\/emoji.php\/v9\/t96\/1\/16\/1f49c.png\"><\/p>\n\n\n\n<p class=\"wp-block-paragraph\">Pentru c\u0103 era at\u00e2t de greu de ob\u021binut, doar regii \u0219i \u00eemp\u0103ra\u021bii o puteau purta \u2013 de aceea, violetul a devenit simbolul regalit\u0103\u021bii, al puterii \u0219i al elegan\u021bei. <img loading=\"lazy\" decoding=\"async\" height=\"16\" width=\"16\" alt=\"\ud83d\udc51\" src=\"https:\/\/static.xx.fbcdn.net\/images\/emoji.php\/v9\/te8\/1\/16\/1f451.png\"><img loading=\"lazy\" decoding=\"async\" height=\"16\" width=\"16\" alt=\"\u2728\" src=\"https:\/\/static.xx.fbcdn.net\/images\/emoji.php\/v9\/tf4\/1\/16\/2728.png\"><\/p>\n\n\n\n<p class=\"wp-block-paragraph\">Din nou, ne-am bucurat cu to\u021bii de o s\u0103pt\u0103m\u00e2n\u0103 \u00eenc\u0103rcat\u0103 de informa\u021bii noi \u0219i culoare! <img loading=\"lazy\" decoding=\"async\" height=\"16\" width=\"16\" alt=\"\ud83d\ude0a\" src=\"https:\/\/static.xx.fbcdn.net\/images\/emoji.php\/v9\/t7f\/1\/16\/1f60a.png\"><img loading=\"lazy\" decoding=\"async\" height=\"16\" width=\"16\" alt=\"\ud83d\udc9c\" src=\"https:\/\/static.xx.fbcdn.net\/images\/emoji.php\/v9\/t96\/1\/16\/1f49c.png\"><\/p>\n\n\n\n<iframe loading=\"lazy\" src=\"https:\/\/www.facebook.com\/plugins\/video.php?height=335&#038;href=https%3A%2F%2Fwww.facebook.com%2Freel%2F2380879365639783%2F&#038;show_text=false&#038;width=560&#038;t=0\" width=\"560\" height=\"335\" style=\"border:none;overflow:hidden\" scrolling=\"no\" frameborder=\"0\" allowfullscreen=\"true\" allow=\"autoplay; clipboard-write; encrypted-media; picture-in-picture; web-share\" allowFullScreen=\"true\"><\/iframe>\n","protected":false},"excerpt":{"rendered":"<p>S\u0103pt\u0103m\u00e2na aceasta, la Arc-en-Ciel Estival, am p\u0103\u0219it \u00eentr-o lume magic\u0103, plin\u0103 de nuan\u021be violet! Am descoperit frumuse\u021bea florilor violet \u0219i am \u00eenv\u0103\u021bat s\u0103 le recunoa\u0219tem dup\u0103 culoare, form\u0103 \u0219i parfum. Copiii au fost \u00eenc\u00e2nta\u021bi s\u0103 afle c\u0103 aceast\u0103 culoare nobil\u0103 are o poveste special\u0103: prima vopsea violet a fost ob\u021binut\u0103 \u00een urm\u0103 cu mii de [&hellip;]<\/p>\n","protected":false},"author":5,"featured_media":3083,"comment_status":"open","ping_status":"open","sticky":false,"template":"","format":"standard","meta":{"_et_pb_use_builder":"","_et_pb_old_content":"","_et_gb_content_width":"","_crdt_document":"","footnotes":""},"categories":[9,12,10,8],"tags":[23,152],"class_list":["post-2901","post","type-post","status-publish","format-standard","has-post-thumbnail","hentry","category-anunturi","category-arc-en-ciel-estival","category-evenimente","category-prima-pagina","tag-arc-en-ciel-estival","tag-violet"],"_links":{"self":[{"href":"https:\/\/www.anastasiapopescu.ro\/gradinite\/wp-json\/wp\/v2\/posts\/2901","targetHints":{"allow":["GET"]}}],"collection":[{"href":"https:\/\/www.anastasiapopescu.ro\/gradinite\/wp-json\/wp\/v2\/posts"}],"about":[{"href":"https:\/\/www.anastasiapopescu.ro\/gradinite\/wp-json\/wp\/v2\/types\/post"}],"author":[{"embeddable":true,"href":"https:\/\/www.anastasiapopescu.ro\/gradinite\/wp-json\/wp\/v2\/users\/5"}],"replies":[{"embeddable":true,"href":"https:\/\/www.anastasiapopescu.ro\/gradinite\/wp-json\/wp\/v2\/comments?post=2901"}],"version-history":[{"count":1,"href":"https:\/\/www.anastasiapopescu.ro\/gradinite\/wp-json\/wp\/v2\/posts\/2901\/revisions"}],"predecessor-version":[{"id":2902,"href":"https:\/\/www.anastasiapopescu.ro\/gradinite\/wp-json\/wp\/v2\/posts\/2901\/revisions\/2902"}],"wp:featuredmedia":[{"embeddable":true,"href":"https:\/\/www.anastasiapopescu.ro\/gradinite\/wp-json\/wp\/v2\/media\/3083"}],"wp:attachment":[{"href":"https:\/\/www.anastasiapopescu.ro\/gradinite\/wp-json\/wp\/v2\/media?parent=2901"}],"wp:term":[{"taxonomy":"category","embeddable":true,"href":"https:\/\/www.anastasiapopescu.ro\/gradinite\/wp-json\/wp\/v2\/categories?post=2901"},{"taxonomy":"post_tag","embeddable":true,"href":"https:\/\/www.anastasiapopescu.ro\/gradinite\/wp-json\/wp\/v2\/tags?post=2901"}],"curies":[{"name":"wp","href":"https:\/\/api.w.org\/{rel}","templated":true}]}}