{"id":2894,"date":"2025-08-22T00:36:44","date_gmt":"2025-08-21T21:36:44","guid":{"rendered":"https:\/\/www.anastasiapopescu.ro\/gradinite\/?p=2894"},"modified":"2025-09-01T16:28:57","modified_gmt":"2025-09-01T13:28:57","slug":"2894-2","status":"publish","type":"post","link":"https:\/\/www.anastasiapopescu.ro\/gradinite\/2894-2\/","title":{"rendered":"S\u0103pt\u0103m\u00e2na \u201eArc-en-Ciel&#8221;"},"content":{"rendered":"\n<p class=\"wp-block-paragraph\"><\/p>\n\n\n\n<p class=\"wp-block-paragraph\"><img loading=\"lazy\" decoding=\"async\" height=\"16\" width=\"16\" src=\"https:\/\/static.xx.fbcdn.net\/images\/emoji.php\/v9\/t5f\/1\/16\/1f31e.png\" alt=\"\ud83c\udf1e\"> \u00cen aceast\u0103 s\u0103pt\u0103m\u00e2n\u0103, am \u00eencheiat cu veselie programul ,,Arc-en-Ciel Estival&#8221;, edi\u021bia 2025.<\/p>\n\n\n\n<p class=\"wp-block-paragraph\">Pe parcursul acestei veri, fiecare s\u0103pt\u0103m\u00e2n\u0103 a fost dedicat\u0103 unei culori din curcubeu. \u00centreaga var\u0103, copiii s-au bucurat de jocuri tematice, activit\u0103\u021bi distractive \u0219i mult\u0103 voie bun\u0103, explor\u00e2nd altfel, prin joc \u0219i imagina\u021bie, frumuse\u021bea \u0219i semnifica\u021bia culorilor.<\/p>\n\n\n\n<p class=\"wp-block-paragraph\">Ultima s\u0103pt\u0103m\u00e2n\u0103 a fost o explozie de culori \u0219i z\u00e2mbete, o adev\u0103rat\u0103 s\u0103rb\u0103toare a verii petrecute \u00eempreun\u0103.<\/p>\n\n\n\n<p class=\"wp-block-paragraph\">Mul\u021bumim tuturor pentru o var\u0103 minunat\u0103 \u2013 ne revedem cur\u00e2nd, cu multe z\u00e2mbete \u0219i acelea\u0219i inimi pline de culoare!<\/p>\n\n\n\n<p class=\"wp-block-paragraph\"><\/p>\n\n\n\n<iframe loading=\"lazy\" src=\"https:\/\/www.facebook.com\/plugins\/video.php?height=316&#038;href=https%3A%2F%2Fwww.facebook.com%2Freel%2F1251305926746780%2F&#038;show_text=false&#038;width=560&#038;t=0\" width=\"560\" height=\"316\" style=\"border:none;overflow:hidden\" scrolling=\"no\" frameborder=\"0\" allowfullscreen=\"true\" allow=\"autoplay; clipboard-write; encrypted-media; picture-in-picture; web-share\" allowFullScreen=\"true\"><\/iframe>\n","protected":false},"excerpt":{"rendered":"<p>\u00cen aceast\u0103 s\u0103pt\u0103m\u00e2n\u0103, am \u00eencheiat cu veselie programul ,,Arc-en-Ciel Estival&#8221;, edi\u021bia 2025. Pe parcursul acestei veri, fiecare s\u0103pt\u0103m\u00e2n\u0103 a fost dedicat\u0103 unei culori din curcubeu. \u00centreaga var\u0103, copiii s-au bucurat de jocuri tematice, activit\u0103\u021bi distractive \u0219i mult\u0103 voie bun\u0103, explor\u00e2nd altfel, prin joc \u0219i imagina\u021bie, frumuse\u021bea \u0219i semnifica\u021bia culorilor. Ultima s\u0103pt\u0103m\u00e2n\u0103 a fost o explozie [&hellip;]<\/p>\n","protected":false},"author":5,"featured_media":3090,"comment_status":"closed","ping_status":"open","sticky":false,"template":"","format":"standard","meta":{"_et_pb_use_builder":"","_et_pb_old_content":"","_et_gb_content_width":"","_crdt_document":"","footnotes":""},"categories":[12,10,8],"tags":[23],"class_list":["post-2894","post","type-post","status-publish","format-standard","has-post-thumbnail","hentry","category-arc-en-ciel-estival","category-evenimente","category-prima-pagina","tag-arc-en-ciel-estival"],"_links":{"self":[{"href":"https:\/\/www.anastasiapopescu.ro\/gradinite\/wp-json\/wp\/v2\/posts\/2894","targetHints":{"allow":["GET"]}}],"collection":[{"href":"https:\/\/www.anastasiapopescu.ro\/gradinite\/wp-json\/wp\/v2\/posts"}],"about":[{"href":"https:\/\/www.anastasiapopescu.ro\/gradinite\/wp-json\/wp\/v2\/types\/post"}],"author":[{"embeddable":true,"href":"https:\/\/www.anastasiapopescu.ro\/gradinite\/wp-json\/wp\/v2\/users\/5"}],"replies":[{"embeddable":true,"href":"https:\/\/www.anastasiapopescu.ro\/gradinite\/wp-json\/wp\/v2\/comments?post=2894"}],"version-history":[{"count":5,"href":"https:\/\/www.anastasiapopescu.ro\/gradinite\/wp-json\/wp\/v2\/posts\/2894\/revisions"}],"predecessor-version":[{"id":3080,"href":"https:\/\/www.anastasiapopescu.ro\/gradinite\/wp-json\/wp\/v2\/posts\/2894\/revisions\/3080"}],"wp:featuredmedia":[{"embeddable":true,"href":"https:\/\/www.anastasiapopescu.ro\/gradinite\/wp-json\/wp\/v2\/media\/3090"}],"wp:attachment":[{"href":"https:\/\/www.anastasiapopescu.ro\/gradinite\/wp-json\/wp\/v2\/media?parent=2894"}],"wp:term":[{"taxonomy":"category","embeddable":true,"href":"https:\/\/www.anastasiapopescu.ro\/gradinite\/wp-json\/wp\/v2\/categories?post=2894"},{"taxonomy":"post_tag","embeddable":true,"href":"https:\/\/www.anastasiapopescu.ro\/gradinite\/wp-json\/wp\/v2\/tags?post=2894"}],"curies":[{"name":"wp","href":"https:\/\/api.w.org\/{rel}","templated":true}]}}