{"id":2773,"date":"2025-01-03T17:29:08","date_gmt":"2025-01-03T14:29:08","guid":{"rendered":"https:\/\/www.anastasiapopescu.ro\/gradinite\/?p=2773"},"modified":"2025-03-15T17:43:36","modified_gmt":"2025-03-15T14:43:36","slug":"universul-copiilor-in-prag-de-an-nou","status":"publish","type":"post","link":"https:\/\/www.anastasiapopescu.ro\/gradinite\/universul-copiilor-in-prag-de-an-nou\/","title":{"rendered":"\u201dUniversul copiilor\u201d \u00een prag de An Nou"},"content":{"rendered":"\n<p class=\"wp-block-paragraph\">La mul\u021bi ani, un An Nou cu voio\u0219ie, cu succes \u00een tot ceea ce v\u0103 propune\u021bi!<\/p>\n\n\n\n<p class=\"wp-block-paragraph\">Num\u0103rul din decembrie al revistei \u201dUniversul copiilor\u201d adun\u0103 toate amintirile frumoase din aceast\u0103 perioad\u0103 a tradi\u021biilor, a d\u0103rniciei, a bucuriei de a fi \u00eempreun\u0103.<\/p>\n\n\n\n<p class=\"wp-block-paragraph\">Am str\u00e2ns laolalt\u0103 imagini \u0219i impresii de la concertele \u0219i expozi\u021biile noastre de Cr\u0103ciun, de la \u00eent\u00e2lnirile care ne-au adus prieteni noi din dou\u0103 licee pedagogice din \u021bar\u0103, de la spectacole, lecturi, o lansare de carte preg\u0103tit\u0103 de Editura Zbor, experimente, explor\u0103ri \u00een universul digital \u0219i c\u00e2te \u0219i mai c\u00e2te!<\/p>\n\n\n\n<p class=\"wp-block-paragraph\">Cadoul nostru cu 24 de pagini se deschide cu un click pe coperta de mai jos:<\/p>\n\n\n\n<figure class=\"wp-block-image\"><a href=\"https:\/\/www.flipsnack.com\/o9revista\/revista-universul-copiilor-decembrie-2024.html?fbclid=IwY2xjawHoIdpleHRuA2FlbQIxMQABHWU4554ksRYbDJciQGOaFAp8IdKR-vK2hUxorKGr3hhRDCDFHlJCBUN0Hg_aem_N0fzDuB20uRdd8mugjoV4g\"><img decoding=\"async\" src=\"https:\/\/www.anastasiapopescu.ro\/scoala\/wp-content\/uploads\/Reivista-dec2024-e1736162813870.png\" alt=\"\" class=\"wp-image-5638\"\/><\/a><\/figure>\n","protected":false},"excerpt":{"rendered":"<p>La mul\u021bi ani, un An Nou cu voio\u0219ie, cu succes \u00een tot ceea ce v\u0103 propune\u021bi! Num\u0103rul din decembrie al revistei \u201dUniversul copiilor\u201d adun\u0103 toate amintirile frumoase din aceast\u0103 perioad\u0103 a tradi\u021biilor, a d\u0103rniciei, a bucuriei de a fi \u00eempreun\u0103. Am str\u00e2ns laolalt\u0103 imagini \u0219i impresii de la concertele \u0219i expozi\u021biile noastre de Cr\u0103ciun, de [&hellip;]<\/p>\n","protected":false},"author":5,"featured_media":2774,"comment_status":"open","ping_status":"open","sticky":false,"template":"","format":"standard","meta":{"_et_pb_use_builder":"","_et_pb_old_content":"","_et_gb_content_width":"","_crdt_document":"","footnotes":""},"categories":[10,8,130],"tags":[15,17,131],"class_list":["post-2773","post","type-post","status-publish","format-standard","has-post-thumbnail","hentry","category-evenimente","category-prima-pagina","category-revista-universul-copiilor","tag-gradinitele-arc-en-ciel","tag-liceul-pedagogic-anastasia-popescu","tag-revista-universul-copiilor"],"_links":{"self":[{"href":"https:\/\/www.anastasiapopescu.ro\/gradinite\/wp-json\/wp\/v2\/posts\/2773","targetHints":{"allow":["GET"]}}],"collection":[{"href":"https:\/\/www.anastasiapopescu.ro\/gradinite\/wp-json\/wp\/v2\/posts"}],"about":[{"href":"https:\/\/www.anastasiapopescu.ro\/gradinite\/wp-json\/wp\/v2\/types\/post"}],"author":[{"embeddable":true,"href":"https:\/\/www.anastasiapopescu.ro\/gradinite\/wp-json\/wp\/v2\/users\/5"}],"replies":[{"embeddable":true,"href":"https:\/\/www.anastasiapopescu.ro\/gradinite\/wp-json\/wp\/v2\/comments?post=2773"}],"version-history":[{"count":1,"href":"https:\/\/www.anastasiapopescu.ro\/gradinite\/wp-json\/wp\/v2\/posts\/2773\/revisions"}],"predecessor-version":[{"id":2775,"href":"https:\/\/www.anastasiapopescu.ro\/gradinite\/wp-json\/wp\/v2\/posts\/2773\/revisions\/2775"}],"wp:featuredmedia":[{"embeddable":true,"href":"https:\/\/www.anastasiapopescu.ro\/gradinite\/wp-json\/wp\/v2\/media\/2774"}],"wp:attachment":[{"href":"https:\/\/www.anastasiapopescu.ro\/gradinite\/wp-json\/wp\/v2\/media?parent=2773"}],"wp:term":[{"taxonomy":"category","embeddable":true,"href":"https:\/\/www.anastasiapopescu.ro\/gradinite\/wp-json\/wp\/v2\/categories?post=2773"},{"taxonomy":"post_tag","embeddable":true,"href":"https:\/\/www.anastasiapopescu.ro\/gradinite\/wp-json\/wp\/v2\/tags?post=2773"}],"curies":[{"name":"wp","href":"https:\/\/api.w.org\/{rel}","templated":true}]}}