{"id":2731,"date":"2024-05-02T09:45:20","date_gmt":"2024-05-02T06:45:20","guid":{"rendered":"https:\/\/www.anastasiapopescu.ro\/gradinite\/?p=2731"},"modified":"2024-06-01T11:36:59","modified_gmt":"2024-06-01T08:36:59","slug":"universul-copiilor-din-aprilie","status":"publish","type":"post","link":"https:\/\/www.anastasiapopescu.ro\/gradinite\/universul-copiilor-din-aprilie\/","title":{"rendered":"\u201dUniversul copiilor\u201d din aprilie"},"content":{"rendered":"\n<p class=\"wp-block-paragraph\">Ne preg\u0103tim cu to\u021bii de Sfintele Pa\u0219ti \u0219i v\u0103 oferim cu drag noul num\u0103r al revistei \u201dUniversul copiilor\u201d, un num\u0103r consistent, care v\u0103 ofer\u0103 imaginea de ansamblu a tuturor preocup\u0103rilor \u0219i succeselor noastre din luna aprilie.<\/p>\n\n\n\n<p class=\"wp-block-paragraph\">Lectur\u0103 pl\u0103cut\u0103, cu un click pe coperta de mai jos:<\/p>\n\n\n\n<p class=\"wp-block-paragraph\"><\/p>\n\n\n\n<figure class=\"wp-block-image size-full\"><a href=\"https:\/\/www.flipsnack.com\/o9revista\/revista-universul-copiilor-aprilie-2024-dhiw989xu3\/full-view.html?fbclid=IwZXh0bgNhZW0CMTEAAR3gNhC4mdW8sNxS_Ly0H5nPuMCb7w3y6oZ1wwpq8-G6u28KtwcJaVxNca0_aem_AZAIMUQnrWAFdE3HOhpuv5z6cvlNomowwLyEsR6-wXItSb-0KMVBwyaTjMNyPmq937L0uBRe9XE6Jk4CZ9O7NaY3\"><img decoding=\"async\" src=\"https:\/\/www.anastasiapopescu.ro\/liceu\/wp-content\/uploads\/2024\/05\/Revista-apr2024.png\" alt=\"\" class=\"wp-image-4068\"\/><\/a><\/figure>\n","protected":false},"excerpt":{"rendered":"<p>Ne preg\u0103tim cu to\u021bii de Sfintele Pa\u0219ti \u0219i v\u0103 oferim cu drag noul num\u0103r al revistei \u201dUniversul copiilor\u201d, un num\u0103r consistent, care v\u0103 ofer\u0103 imaginea de ansamblu a tuturor preocup\u0103rilor \u0219i succeselor noastre din luna aprilie. Lectur\u0103 pl\u0103cut\u0103, cu un click pe coperta de mai jos:<\/p>\n","protected":false},"author":5,"featured_media":2732,"comment_status":"open","ping_status":"open","sticky":false,"template":"","format":"standard","meta":{"_et_pb_use_builder":"","_et_pb_old_content":"","_et_gb_content_width":"","_crdt_document":"","footnotes":""},"categories":[10,8,130],"tags":[17,131],"class_list":["post-2731","post","type-post","status-publish","format-standard","has-post-thumbnail","hentry","category-evenimente","category-prima-pagina","category-revista-universul-copiilor","tag-liceul-pedagogic-anastasia-popescu","tag-revista-universul-copiilor"],"_links":{"self":[{"href":"https:\/\/www.anastasiapopescu.ro\/gradinite\/wp-json\/wp\/v2\/posts\/2731","targetHints":{"allow":["GET"]}}],"collection":[{"href":"https:\/\/www.anastasiapopescu.ro\/gradinite\/wp-json\/wp\/v2\/posts"}],"about":[{"href":"https:\/\/www.anastasiapopescu.ro\/gradinite\/wp-json\/wp\/v2\/types\/post"}],"author":[{"embeddable":true,"href":"https:\/\/www.anastasiapopescu.ro\/gradinite\/wp-json\/wp\/v2\/users\/5"}],"replies":[{"embeddable":true,"href":"https:\/\/www.anastasiapopescu.ro\/gradinite\/wp-json\/wp\/v2\/comments?post=2731"}],"version-history":[{"count":1,"href":"https:\/\/www.anastasiapopescu.ro\/gradinite\/wp-json\/wp\/v2\/posts\/2731\/revisions"}],"predecessor-version":[{"id":2733,"href":"https:\/\/www.anastasiapopescu.ro\/gradinite\/wp-json\/wp\/v2\/posts\/2731\/revisions\/2733"}],"wp:featuredmedia":[{"embeddable":true,"href":"https:\/\/www.anastasiapopescu.ro\/gradinite\/wp-json\/wp\/v2\/media\/2732"}],"wp:attachment":[{"href":"https:\/\/www.anastasiapopescu.ro\/gradinite\/wp-json\/wp\/v2\/media?parent=2731"}],"wp:term":[{"taxonomy":"category","embeddable":true,"href":"https:\/\/www.anastasiapopescu.ro\/gradinite\/wp-json\/wp\/v2\/categories?post=2731"},{"taxonomy":"post_tag","embeddable":true,"href":"https:\/\/www.anastasiapopescu.ro\/gradinite\/wp-json\/wp\/v2\/tags?post=2731"}],"curies":[{"name":"wp","href":"https:\/\/api.w.org\/{rel}","templated":true}]}}