{"id":2722,"date":"2024-04-04T15:24:15","date_gmt":"2024-04-04T12:24:15","guid":{"rendered":"https:\/\/www.anastasiapopescu.ro\/gradinite\/?p=2722"},"modified":"2024-04-18T15:26:43","modified_gmt":"2024-04-18T12:26:43","slug":"revista-universul-copiilor-la-inceput-de-primavara","status":"publish","type":"post","link":"https:\/\/www.anastasiapopescu.ro\/gradinite\/revista-universul-copiilor-la-inceput-de-primavara\/","title":{"rendered":"Revista \u201dUniversul copiilor\u201d la \u00eenceput de prim\u0103var\u0103"},"content":{"rendered":"\n<p class=\"wp-block-paragraph\">La finele lunii martie a ap\u0103rut noul num\u0103r al revistei &#8222;Universul copiilor&#8221;, un num\u0103r al bucuriei prim\u0103verii \u0219i al rena\u0219terii generale. Buna Vestire a fost evenimentul central al acestei luni. \u00cen cadrul Liceului nostru, data de 25 martie este considerat\u0103 adev\u0103rata s\u0103rb\u0103toare a femeii cre\u0219tine, pe care \u0219i revista noastr\u0103 o ilustreaz\u0103 frumos. Expozi\u021bia de icoane, concertul corului, precum \u0219i alte evenimente notabile ale lunii martie v\u0103 a\u0219teapt\u0103 s\u0103 le afla\u021bi \u0219i s\u0103 le admira\u021bi, cu un click pe coperta de mai jos: <\/p>\n\n\n\n<p class=\"wp-block-paragraph\"><\/p>\n\n\n\n<figure class=\"wp-block-image size-full\"><a href=\"https:\/\/www.flipsnack.com\/o9revista\/revista-universul-copiilor-martie-2024\/full-view.html?fbclid=IwAR38bZWEazFndFZ4RU6B1AjclwHhRrH2d0bB30s3HIq_i-3yGgSo-v2sRCk\"><img decoding=\"async\" src=\"https:\/\/www.anastasiapopescu.ro\/liceu\/wp-content\/uploads\/2024\/04\/1000040121.jpg\" alt=\"\" class=\"wp-image-4016\"\/><\/a><\/figure>\n","protected":false},"excerpt":{"rendered":"<p>La finele lunii martie a ap\u0103rut noul num\u0103r al revistei &#8222;Universul copiilor&#8221;, un num\u0103r al bucuriei prim\u0103verii \u0219i al rena\u0219terii generale. Buna Vestire a fost evenimentul central al acestei luni. \u00cen cadrul Liceului nostru, data de 25 martie este considerat\u0103 adev\u0103rata s\u0103rb\u0103toare a femeii cre\u0219tine, pe care \u0219i revista noastr\u0103 o ilustreaz\u0103 frumos. Expozi\u021bia de [&hellip;]<\/p>\n","protected":false},"author":5,"featured_media":2723,"comment_status":"open","ping_status":"open","sticky":false,"template":"","format":"standard","meta":{"_et_pb_use_builder":"","_et_pb_old_content":"","_et_gb_content_width":"","_crdt_document":"","footnotes":""},"categories":[10,8],"tags":[15,131],"class_list":["post-2722","post","type-post","status-publish","format-standard","has-post-thumbnail","hentry","category-evenimente","category-prima-pagina","tag-gradinitele-arc-en-ciel","tag-revista-universul-copiilor"],"_links":{"self":[{"href":"https:\/\/www.anastasiapopescu.ro\/gradinite\/wp-json\/wp\/v2\/posts\/2722","targetHints":{"allow":["GET"]}}],"collection":[{"href":"https:\/\/www.anastasiapopescu.ro\/gradinite\/wp-json\/wp\/v2\/posts"}],"about":[{"href":"https:\/\/www.anastasiapopescu.ro\/gradinite\/wp-json\/wp\/v2\/types\/post"}],"author":[{"embeddable":true,"href":"https:\/\/www.anastasiapopescu.ro\/gradinite\/wp-json\/wp\/v2\/users\/5"}],"replies":[{"embeddable":true,"href":"https:\/\/www.anastasiapopescu.ro\/gradinite\/wp-json\/wp\/v2\/comments?post=2722"}],"version-history":[{"count":1,"href":"https:\/\/www.anastasiapopescu.ro\/gradinite\/wp-json\/wp\/v2\/posts\/2722\/revisions"}],"predecessor-version":[{"id":2724,"href":"https:\/\/www.anastasiapopescu.ro\/gradinite\/wp-json\/wp\/v2\/posts\/2722\/revisions\/2724"}],"wp:featuredmedia":[{"embeddable":true,"href":"https:\/\/www.anastasiapopescu.ro\/gradinite\/wp-json\/wp\/v2\/media\/2723"}],"wp:attachment":[{"href":"https:\/\/www.anastasiapopescu.ro\/gradinite\/wp-json\/wp\/v2\/media?parent=2722"}],"wp:term":[{"taxonomy":"category","embeddable":true,"href":"https:\/\/www.anastasiapopescu.ro\/gradinite\/wp-json\/wp\/v2\/categories?post=2722"},{"taxonomy":"post_tag","embeddable":true,"href":"https:\/\/www.anastasiapopescu.ro\/gradinite\/wp-json\/wp\/v2\/tags?post=2722"}],"curies":[{"name":"wp","href":"https:\/\/api.w.org\/{rel}","templated":true}]}}