{"id":2717,"date":"2024-03-21T14:57:07","date_gmt":"2024-03-21T11:57:07","guid":{"rendered":"https:\/\/www.anastasiapopescu.ro\/gradinite\/?p=2717"},"modified":"2024-07-02T11:03:05","modified_gmt":"2024-07-02T08:03:05","slug":"invatam-limba-germana-prin-teatru","status":"publish","type":"post","link":"https:\/\/www.anastasiapopescu.ro\/gradinite\/invatam-limba-germana-prin-teatru\/","title":{"rendered":"\u00cenv\u0103\u021b\u0103m limba german\u0103 prin teatru"},"content":{"rendered":"\n<p class=\"wp-block-paragraph\">De cur\u00e2nd, am avut bucuria s\u0103 o avem \u00een vizit\u0103 pe Frau Catinca, profesoar\u0103 de limba german\u0103 \u0219i fost pedagog de teatru, care a lucrat cu elevii prin metoda \u201eKamishibai\u201c.<\/p>\n\n\n\n<p class=\"wp-block-paragraph\">Copiii s-au bucurat foarte mult c\u0103 s-au putut implica at\u00e2t individual, c\u00e2t \u0219i \u00een echipe, \u00een piesa de teatru mobil preg\u0103tit\u0103 de Frau Catinca.<\/p>\n\n\n\n<p class=\"wp-block-paragraph\">Participarea activ\u0103 a copiilor \u00een orice form\u0103 de art\u0103 constituie o modalitate excelent\u0103 de a dezvolta nu numai abilit\u0103\u021bile lor creative, dar \u0219i capacitatea de a lucra \u00een echip\u0103, de <a><\/a>a-\u0219i exprima emo\u021biile \u0219i de a-\u0219i \u00eembun\u0103t\u0103\u021bi abilit\u0103\u021bile de comunicare.<\/p>\n\n\n\n<p class=\"wp-block-paragraph\">Click pe imagine pentru video.<\/p>\n\n\n\n<p class=\"wp-block-paragraph\"><\/p>\n\n\n\n<figure class=\"wp-block-image size-full\"><a href=\"https:\/\/www.facebook.com\/watch\/?v=1586694042105565&amp;ref=sharing\"><img loading=\"lazy\" decoding=\"async\" width=\"633\" height=\"411\" src=\"https:\/\/www.anastasiapopescu.ro\/gradinite\/wp-content\/uploads\/Germana-teatru-feb2024-e1719907207868.png\" alt=\"\" class=\"wp-image-2718\" srcset=\"https:\/\/www.anastasiapopescu.ro\/gradinite\/wp-content\/uploads\/Germana-teatru-feb2024-e1719907207868.png 633w, https:\/\/www.anastasiapopescu.ro\/gradinite\/wp-content\/uploads\/Germana-teatru-feb2024-e1719907207868-480x270.png 480w\" sizes=\"(min-width: 0px) and (max-width: 480px) 480px, (min-width: 481px) 633px, 100vw\" \/><\/a><\/figure>\n","protected":false},"excerpt":{"rendered":"<p>De cur\u00e2nd, am avut bucuria s\u0103 o avem \u00een vizit\u0103 pe Frau Catinca, profesoar\u0103 de limba german\u0103 \u0219i fost pedagog de teatru, care a lucrat cu elevii prin metoda \u201eKamishibai\u201c. Copiii s-au bucurat foarte mult c\u0103 s-au putut implica at\u00e2t individual, c\u00e2t \u0219i \u00een echipe, \u00een piesa de teatru mobil preg\u0103tit\u0103 de Frau Catinca. Participarea [&hellip;]<\/p>\n","protected":false},"author":5,"featured_media":2719,"comment_status":"open","ping_status":"open","sticky":false,"template":"","format":"standard","meta":{"_et_pb_use_builder":"","_et_pb_old_content":"","_et_gb_content_width":"","_crdt_document":"","footnotes":""},"categories":[10,8],"tags":[15,76,31],"class_list":["post-2717","post","type-post","status-publish","format-standard","has-post-thumbnail","hentry","category-evenimente","category-prima-pagina","tag-gradinitele-arc-en-ciel","tag-limba-germana","tag-teatru"],"_links":{"self":[{"href":"https:\/\/www.anastasiapopescu.ro\/gradinite\/wp-json\/wp\/v2\/posts\/2717","targetHints":{"allow":["GET"]}}],"collection":[{"href":"https:\/\/www.anastasiapopescu.ro\/gradinite\/wp-json\/wp\/v2\/posts"}],"about":[{"href":"https:\/\/www.anastasiapopescu.ro\/gradinite\/wp-json\/wp\/v2\/types\/post"}],"author":[{"embeddable":true,"href":"https:\/\/www.anastasiapopescu.ro\/gradinite\/wp-json\/wp\/v2\/users\/5"}],"replies":[{"embeddable":true,"href":"https:\/\/www.anastasiapopescu.ro\/gradinite\/wp-json\/wp\/v2\/comments?post=2717"}],"version-history":[{"count":4,"href":"https:\/\/www.anastasiapopescu.ro\/gradinite\/wp-json\/wp\/v2\/posts\/2717\/revisions"}],"predecessor-version":[{"id":2750,"href":"https:\/\/www.anastasiapopescu.ro\/gradinite\/wp-json\/wp\/v2\/posts\/2717\/revisions\/2750"}],"wp:featuredmedia":[{"embeddable":true,"href":"https:\/\/www.anastasiapopescu.ro\/gradinite\/wp-json\/wp\/v2\/media\/2719"}],"wp:attachment":[{"href":"https:\/\/www.anastasiapopescu.ro\/gradinite\/wp-json\/wp\/v2\/media?parent=2717"}],"wp:term":[{"taxonomy":"category","embeddable":true,"href":"https:\/\/www.anastasiapopescu.ro\/gradinite\/wp-json\/wp\/v2\/categories?post=2717"},{"taxonomy":"post_tag","embeddable":true,"href":"https:\/\/www.anastasiapopescu.ro\/gradinite\/wp-json\/wp\/v2\/tags?post=2717"}],"curies":[{"name":"wp","href":"https:\/\/api.w.org\/{rel}","templated":true}]}}