{"id":2706,"date":"2024-02-22T14:30:14","date_gmt":"2024-02-22T11:30:14","guid":{"rendered":"https:\/\/www.anastasiapopescu.ro\/gradinite\/?p=2706"},"modified":"2024-04-18T14:53:13","modified_gmt":"2024-04-18T11:53:13","slug":"ziua-nationala-constantin-brancusi","status":"publish","type":"post","link":"https:\/\/www.anastasiapopescu.ro\/gradinite\/ziua-nationala-constantin-brancusi\/","title":{"rendered":"Ziua Na\u021bional\u0103 \u201dConstantin Br\u00e2ncu\u0219i\u201d"},"content":{"rendered":"\n<p class=\"wp-block-paragraph\">Ziua Na\u021bional\u0103 \u201eConstantin Br\u00e2ncu\u0219i\u201d &#8211; 19 februarie &#8211; este un bun prilej de a marca \u0219i s\u0103rb\u0103tori contribu\u021bia marelui artist la sculptura modern\u0103 \u0219i de a-i apropia pe copii de arta sculptorului rom\u00e2n.<\/p>\n\n\n\n<p class=\"wp-block-paragraph\">Astfel, dup\u0103 ce au primit informa\u021bii despre Br\u00e2ncu\u0219i, despre lucr\u0103rile acestuia \u0219i au privit imaginile cu diversele sale opere, Furnicu\u021bele de la Gr\u0103dini\u021bele \u201eArc-en-Ciel\u201d s-au str\u0103duit s\u0103 reia, \u00een viziunea lor, unele dintre operele de art\u0103 create de Br\u00e2ncu\u0219i, precum Coloana Infinitului, Masa T\u0103cerii sau Poarta S\u0103rutului.<\/p>\n\n\n\n<p class=\"wp-block-paragraph\">V\u0103 invit\u0103m s\u0103 le admira\u021bi munca!<\/p>\n\n\n\n<p class=\"wp-block-paragraph\"><\/p>\n\n\n\n<figure class=\"wp-block-image size-full\"><img loading=\"lazy\" decoding=\"async\" width=\"800\" height=\"462\" src=\"https:\/\/www.anastasiapopescu.ro\/gradinite\/wp-content\/uploads\/Brancusi-feb2024-1.jpg\" alt=\"\" class=\"wp-image-2707\" srcset=\"https:\/\/www.anastasiapopescu.ro\/gradinite\/wp-content\/uploads\/Brancusi-feb2024-1.jpg 800w, https:\/\/www.anastasiapopescu.ro\/gradinite\/wp-content\/uploads\/Brancusi-feb2024-1-480x277.jpg 480w\" sizes=\"(min-width: 0px) and (max-width: 480px) 480px, (min-width: 481px) 800px, 100vw\" \/><\/figure>\n\n\n\n<figure class=\"wp-block-image size-large\"><img loading=\"lazy\" decoding=\"async\" width=\"675\" height=\"900\" src=\"https:\/\/www.anastasiapopescu.ro\/gradinite\/wp-content\/uploads\/Brancusi-feb2024-2-675x900.jpg\" alt=\"\" class=\"wp-image-2708\" srcset=\"https:\/\/www.anastasiapopescu.ro\/gradinite\/wp-content\/uploads\/Brancusi-feb2024-2-675x900.jpg 675w, https:\/\/www.anastasiapopescu.ro\/gradinite\/wp-content\/uploads\/Brancusi-feb2024-2-480x640.jpg 480w\" sizes=\"(min-width: 0px) and (max-width: 480px) 480px, (min-width: 481px) 675px, 100vw\" \/><\/figure>\n\n\n\n<figure class=\"wp-block-image size-large is-resized\"><img loading=\"lazy\" decoding=\"async\" width=\"675\" height=\"900\" src=\"https:\/\/www.anastasiapopescu.ro\/gradinite\/wp-content\/uploads\/Brancusi-feb2024-5-675x900.jpg\" alt=\"\" class=\"wp-image-2709\" style=\"width:823px;height:auto\" srcset=\"https:\/\/www.anastasiapopescu.ro\/gradinite\/wp-content\/uploads\/Brancusi-feb2024-5-675x900.jpg 675w, https:\/\/www.anastasiapopescu.ro\/gradinite\/wp-content\/uploads\/Brancusi-feb2024-5-480x640.jpg 480w\" sizes=\"(min-width: 0px) and (max-width: 480px) 480px, (min-width: 481px) 675px, 100vw\" \/><\/figure>\n\n\n\n<figure class=\"wp-block-image size-full\"><img loading=\"lazy\" decoding=\"async\" width=\"800\" height=\"630\" src=\"https:\/\/www.anastasiapopescu.ro\/gradinite\/wp-content\/uploads\/Brancusi-feb2024-3.jpg\" alt=\"\" class=\"wp-image-2710\" srcset=\"https:\/\/www.anastasiapopescu.ro\/gradinite\/wp-content\/uploads\/Brancusi-feb2024-3.jpg 800w, https:\/\/www.anastasiapopescu.ro\/gradinite\/wp-content\/uploads\/Brancusi-feb2024-3-480x378.jpg 480w\" sizes=\"(min-width: 0px) and (max-width: 480px) 480px, (min-width: 481px) 800px, 100vw\" \/><\/figure>\n\n\n\n<figure class=\"wp-block-image size-large\"><img loading=\"lazy\" decoding=\"async\" width=\"675\" height=\"900\" src=\"https:\/\/www.anastasiapopescu.ro\/gradinite\/wp-content\/uploads\/Brancusi-feb2024-4-675x900.jpg\" alt=\"\" class=\"wp-image-2711\" srcset=\"https:\/\/www.anastasiapopescu.ro\/gradinite\/wp-content\/uploads\/Brancusi-feb2024-4-675x900.jpg 675w, https:\/\/www.anastasiapopescu.ro\/gradinite\/wp-content\/uploads\/Brancusi-feb2024-4-480x640.jpg 480w\" sizes=\"(min-width: 0px) and (max-width: 480px) 480px, (min-width: 481px) 675px, 100vw\" \/><\/figure>\n\n\n\n<figure class=\"wp-block-image size-large\"><img loading=\"lazy\" decoding=\"async\" width=\"675\" height=\"900\" src=\"https:\/\/www.anastasiapopescu.ro\/gradinite\/wp-content\/uploads\/Brancusi-feb2024-8-675x900.jpg\" alt=\"\" class=\"wp-image-2712\" srcset=\"https:\/\/www.anastasiapopescu.ro\/gradinite\/wp-content\/uploads\/Brancusi-feb2024-8-675x900.jpg 675w, https:\/\/www.anastasiapopescu.ro\/gradinite\/wp-content\/uploads\/Brancusi-feb2024-8-480x640.jpg 480w\" sizes=\"(min-width: 0px) and (max-width: 480px) 480px, (min-width: 481px) 675px, 100vw\" \/><\/figure>\n\n\n\n<figure class=\"wp-block-image size-large is-resized\"><img loading=\"lazy\" decoding=\"async\" width=\"736\" height=\"900\" src=\"https:\/\/www.anastasiapopescu.ro\/gradinite\/wp-content\/uploads\/Brancusi-feb2024-6-736x900.jpg\" alt=\"\" class=\"wp-image-2713\" style=\"width:823px;height:auto\" srcset=\"https:\/\/www.anastasiapopescu.ro\/gradinite\/wp-content\/uploads\/Brancusi-feb2024-6-736x900.jpg 736w, https:\/\/www.anastasiapopescu.ro\/gradinite\/wp-content\/uploads\/Brancusi-feb2024-6-480x587.jpg 480w\" sizes=\"(min-width: 0px) and (max-width: 480px) 480px, (min-width: 481px) 736px, 100vw\" \/><\/figure>\n\n\n\n<figure class=\"wp-block-image size-large\"><img loading=\"lazy\" decoding=\"async\" width=\"675\" height=\"900\" src=\"https:\/\/www.anastasiapopescu.ro\/gradinite\/wp-content\/uploads\/Brancusi-feb2024-7-675x900.jpg\" alt=\"\" class=\"wp-image-2714\" srcset=\"https:\/\/www.anastasiapopescu.ro\/gradinite\/wp-content\/uploads\/Brancusi-feb2024-7-675x900.jpg 675w, https:\/\/www.anastasiapopescu.ro\/gradinite\/wp-content\/uploads\/Brancusi-feb2024-7-480x640.jpg 480w\" sizes=\"(min-width: 0px) and (max-width: 480px) 480px, (min-width: 481px) 675px, 100vw\" \/><\/figure>\n","protected":false},"excerpt":{"rendered":"<p>Ziua Na\u021bional\u0103 \u201eConstantin Br\u00e2ncu\u0219i\u201d &#8211; 19 februarie &#8211; este un bun prilej de a marca \u0219i s\u0103rb\u0103tori contribu\u021bia marelui artist la sculptura modern\u0103 \u0219i de a-i apropia pe copii de arta sculptorului rom\u00e2n. Astfel, dup\u0103 ce au primit informa\u021bii despre Br\u00e2ncu\u0219i, despre lucr\u0103rile acestuia \u0219i au privit imaginile cu diversele sale opere, Furnicu\u021bele de la [&hellip;]<\/p>\n","protected":false},"author":5,"featured_media":2715,"comment_status":"open","ping_status":"open","sticky":false,"template":"","format":"standard","meta":{"_et_pb_use_builder":"","_et_pb_old_content":"","_et_gb_content_width":"","_crdt_document":"","footnotes":""},"categories":[10,8],"tags":[138,15],"class_list":["post-2706","post","type-post","status-publish","format-standard","has-post-thumbnail","hentry","category-evenimente","category-prima-pagina","tag-constantin-brancusi","tag-gradinitele-arc-en-ciel"],"_links":{"self":[{"href":"https:\/\/www.anastasiapopescu.ro\/gradinite\/wp-json\/wp\/v2\/posts\/2706","targetHints":{"allow":["GET"]}}],"collection":[{"href":"https:\/\/www.anastasiapopescu.ro\/gradinite\/wp-json\/wp\/v2\/posts"}],"about":[{"href":"https:\/\/www.anastasiapopescu.ro\/gradinite\/wp-json\/wp\/v2\/types\/post"}],"author":[{"embeddable":true,"href":"https:\/\/www.anastasiapopescu.ro\/gradinite\/wp-json\/wp\/v2\/users\/5"}],"replies":[{"embeddable":true,"href":"https:\/\/www.anastasiapopescu.ro\/gradinite\/wp-json\/wp\/v2\/comments?post=2706"}],"version-history":[{"count":1,"href":"https:\/\/www.anastasiapopescu.ro\/gradinite\/wp-json\/wp\/v2\/posts\/2706\/revisions"}],"predecessor-version":[{"id":2716,"href":"https:\/\/www.anastasiapopescu.ro\/gradinite\/wp-json\/wp\/v2\/posts\/2706\/revisions\/2716"}],"wp:featuredmedia":[{"embeddable":true,"href":"https:\/\/www.anastasiapopescu.ro\/gradinite\/wp-json\/wp\/v2\/media\/2715"}],"wp:attachment":[{"href":"https:\/\/www.anastasiapopescu.ro\/gradinite\/wp-json\/wp\/v2\/media?parent=2706"}],"wp:term":[{"taxonomy":"category","embeddable":true,"href":"https:\/\/www.anastasiapopescu.ro\/gradinite\/wp-json\/wp\/v2\/categories?post=2706"},{"taxonomy":"post_tag","embeddable":true,"href":"https:\/\/www.anastasiapopescu.ro\/gradinite\/wp-json\/wp\/v2\/tags?post=2706"}],"curies":[{"name":"wp","href":"https:\/\/api.w.org\/{rel}","templated":true}]}}