{"id":2700,"date":"2024-03-04T09:20:27","date_gmt":"2024-03-04T06:20:27","guid":{"rendered":"https:\/\/www.anastasiapopescu.ro\/gradinite\/?p=2700"},"modified":"2024-03-09T09:23:38","modified_gmt":"2024-03-09T06:23:38","slug":"revista-universul-copiilor-luna-februarie","status":"publish","type":"post","link":"https:\/\/www.anastasiapopescu.ro\/gradinite\/revista-universul-copiilor-luna-februarie\/","title":{"rendered":"Revista \u201dUniversul copiilor\u201d &#8211; luna februarie"},"content":{"rendered":"\n<p class=\"wp-block-paragraph\">A ap\u0103rut revista \u201dUniversul copiilor\u201d &#8211; un m\u0103r\u021bi\u0219or de prim\u0103var\u0103 frumoas\u0103 pentru to\u021bi cititorii ei! Avem toate evenimentele importante ale \u0219colii \u00eensemnate cu \u0219nurule\u021b alb-ro\u0219u:  expozi\u021bii, teatru, literatur\u0103, religie, psihologie, pedagogie \u0219i multe altele. <\/p>\n\n\n\n<p class=\"wp-block-paragraph\">\u201dUniversul copiilor\u201d se deschide cu un click mai jos:<\/p>\n\n\n\n<figure class=\"wp-block-image size-full\"><a href=\"https:\/\/www.flipsnack.com\/o9revista\/revista-universul-copiilor-februarie-2024\/full-view.html?fbclid=IwAR2lXw4PcOHF9dDknz5mzG3Mu1LkZjA0lhJVTpZJAaspe5VfZrcoxJmV17Q\"><img loading=\"lazy\" decoding=\"async\" width=\"465\" height=\"660\" src=\"https:\/\/www.anastasiapopescu.ro\/gradinite\/wp-content\/uploads\/Revista-feb2024.png\" alt=\"\" class=\"wp-image-2701\" srcset=\"https:\/\/www.anastasiapopescu.ro\/gradinite\/wp-content\/uploads\/Revista-feb2024.png 465w, https:\/\/www.anastasiapopescu.ro\/gradinite\/wp-content\/uploads\/Revista-feb2024-225x320.png 225w\" sizes=\"(max-width: 465px) 100vw, 465px\" \/><\/a><\/figure>\n","protected":false},"excerpt":{"rendered":"<p>A ap\u0103rut revista \u201dUniversul copiilor\u201d &#8211; un m\u0103r\u021bi\u0219or de prim\u0103var\u0103 frumoas\u0103 pentru to\u021bi cititorii ei! Avem toate evenimentele importante ale \u0219colii \u00eensemnate cu \u0219nurule\u021b alb-ro\u0219u: expozi\u021bii, teatru, literatur\u0103, religie, psihologie, pedagogie \u0219i multe altele. \u201dUniversul copiilor\u201d se deschide cu un click mai jos:<\/p>\n","protected":false},"author":5,"featured_media":2702,"comment_status":"open","ping_status":"open","sticky":false,"template":"","format":"standard","meta":{"_et_pb_use_builder":"","_et_pb_old_content":"","_et_gb_content_width":"","_crdt_document":"","footnotes":""},"categories":[10,8,130],"tags":[15,17,131],"class_list":["post-2700","post","type-post","status-publish","format-standard","has-post-thumbnail","hentry","category-evenimente","category-prima-pagina","category-revista-universul-copiilor","tag-gradinitele-arc-en-ciel","tag-liceul-pedagogic-anastasia-popescu","tag-revista-universul-copiilor"],"_links":{"self":[{"href":"https:\/\/www.anastasiapopescu.ro\/gradinite\/wp-json\/wp\/v2\/posts\/2700","targetHints":{"allow":["GET"]}}],"collection":[{"href":"https:\/\/www.anastasiapopescu.ro\/gradinite\/wp-json\/wp\/v2\/posts"}],"about":[{"href":"https:\/\/www.anastasiapopescu.ro\/gradinite\/wp-json\/wp\/v2\/types\/post"}],"author":[{"embeddable":true,"href":"https:\/\/www.anastasiapopescu.ro\/gradinite\/wp-json\/wp\/v2\/users\/5"}],"replies":[{"embeddable":true,"href":"https:\/\/www.anastasiapopescu.ro\/gradinite\/wp-json\/wp\/v2\/comments?post=2700"}],"version-history":[{"count":1,"href":"https:\/\/www.anastasiapopescu.ro\/gradinite\/wp-json\/wp\/v2\/posts\/2700\/revisions"}],"predecessor-version":[{"id":2703,"href":"https:\/\/www.anastasiapopescu.ro\/gradinite\/wp-json\/wp\/v2\/posts\/2700\/revisions\/2703"}],"wp:featuredmedia":[{"embeddable":true,"href":"https:\/\/www.anastasiapopescu.ro\/gradinite\/wp-json\/wp\/v2\/media\/2702"}],"wp:attachment":[{"href":"https:\/\/www.anastasiapopescu.ro\/gradinite\/wp-json\/wp\/v2\/media?parent=2700"}],"wp:term":[{"taxonomy":"category","embeddable":true,"href":"https:\/\/www.anastasiapopescu.ro\/gradinite\/wp-json\/wp\/v2\/categories?post=2700"},{"taxonomy":"post_tag","embeddable":true,"href":"https:\/\/www.anastasiapopescu.ro\/gradinite\/wp-json\/wp\/v2\/tags?post=2700"}],"curies":[{"name":"wp","href":"https:\/\/api.w.org\/{rel}","templated":true}]}}