{"id":2669,"date":"2023-12-22T22:13:41","date_gmt":"2023-12-22T19:13:41","guid":{"rendered":"https:\/\/www.anastasiapopescu.ro\/gradinite\/?p=2669"},"modified":"2023-12-27T16:12:16","modified_gmt":"2023-12-27T13:12:16","slug":"bradutul-recunostintei","status":"publish","type":"post","link":"https:\/\/www.anastasiapopescu.ro\/gradinite\/bradutul-recunostintei\/","title":{"rendered":"Br\u0103du\u021bul recuno\u0219tin\u021bei"},"content":{"rendered":"\n<p class=\"wp-block-paragraph\">\u00cen aceast\u0103 perioad\u0103 de s\u0103rb\u0103tori, c\u00e2nd inimile noastre vibreaz\u0103 \u00een armonie cu frumoasele colinde, dorim s\u0103 subliniem c\u00e2t de profund\u0103 \u0219i special\u0103 este rela\u021bia dintre copii \u0219i bunici. Este o conexiune plin\u0103 de farmec, unde z\u00e2mbetele luminoase ale bunicilor devin faruri-ghid pentru copiii care se av\u00e2nt\u0103 \u00een minunata c\u0103l\u0103torie a vie\u021bii.<\/p>\n\n\n\n<p class=\"wp-block-paragraph\">Pe de o parte, bunicii sunt p\u0103r\u021bi esen\u021biale ale trecutului, iar nepo\u021bii, arhitec\u021bi ai viitorului. Cu bl\u00e2nde\u021be, \u00eeng\u0103duin\u021b\u0103 \u0219i o generozitate at\u00e2t de <a><\/a>caracteristic\u0103 lor, bunicii contribuie la modelarea spiritelor tinere. Prin pove\u0219ti pline de \u00een\u021belepciune \u0219i experien\u021b\u0103, ei ofer\u0103 o perspectiv\u0103 pre\u021bioas\u0103 asupra tradi\u021biilor, vremurilor \u00eenc\u00e2nt\u0103toare \u0219i valorilor care dau sens vie\u021bii.<\/p>\n\n\n\n<p class=\"wp-block-paragraph\">\u00cen cadrul Gr\u0103dini\u021belor ,,Arc-en-Ciel,&#8221; recuno\u0219tin\u021ba noastr\u0103 se \u00eendreapt\u0103 c\u0103tre to\u021bi bunicii, spirite nobile \u0219i surse de inspira\u021bie pentru copiii no\u0219tri. Cu ajutorul p\u0103rin\u021bilor, am c\u0103utat \u00een cutia amintirilor de suflet \u0219i am \u00eembr\u0103cat \u00een haine de s\u0103rb\u0103toare un br\u0103du\u021b luminos, aparte decorat, oferit ca gest de mare recuno\u0219tin\u021b\u0103 preaiubi\u021bilor bunici!<\/p>\n\n\n\n<p class=\"wp-block-paragraph\"><\/p>\n\n\n\n<figure class=\"wp-block-image size-large\"><img loading=\"lazy\" decoding=\"async\" width=\"432\" height=\"900\" src=\"https:\/\/www.anastasiapopescu.ro\/gradinite\/wp-content\/uploads\/Bunici-dec2023-1-432x900.jpg\" alt=\"\" class=\"wp-image-2670\"\/><\/figure>\n\n\n\n<figure class=\"wp-block-image size-large\"><img loading=\"lazy\" decoding=\"async\" width=\"405\" height=\"900\" src=\"https:\/\/www.anastasiapopescu.ro\/gradinite\/wp-content\/uploads\/Bunici-dec2023-2-405x900.jpg\" alt=\"\" class=\"wp-image-2671\"\/><\/figure>\n\n\n\n<figure class=\"wp-block-image size-large\"><img loading=\"lazy\" decoding=\"async\" width=\"405\" height=\"900\" src=\"https:\/\/www.anastasiapopescu.ro\/gradinite\/wp-content\/uploads\/Bunici-dec2023-3-405x900.jpg\" alt=\"\" class=\"wp-image-2672\"\/><\/figure>\n\n\n\n<figure class=\"wp-block-image size-large\"><img loading=\"lazy\" decoding=\"async\" width=\"405\" height=\"900\" src=\"https:\/\/www.anastasiapopescu.ro\/gradinite\/wp-content\/uploads\/Bunici-dec2023-4-405x900.jpg\" alt=\"\" class=\"wp-image-2673\"\/><\/figure>\n\n\n\n<figure class=\"wp-block-image size-large\"><img loading=\"lazy\" decoding=\"async\" width=\"427\" height=\"900\" src=\"https:\/\/www.anastasiapopescu.ro\/gradinite\/wp-content\/uploads\/Bunici-dec2023-5-427x900.jpg\" alt=\"\" class=\"wp-image-2674\"\/><\/figure>\n","protected":false},"excerpt":{"rendered":"<p>\u00cen aceast\u0103 perioad\u0103 de s\u0103rb\u0103tori, c\u00e2nd inimile noastre vibreaz\u0103 \u00een armonie cu frumoasele colinde, dorim s\u0103 subliniem c\u00e2t de profund\u0103 \u0219i special\u0103 este rela\u021bia dintre copii \u0219i bunici. Este o conexiune plin\u0103 de farmec, unde z\u00e2mbetele luminoase ale bunicilor devin faruri-ghid pentru copiii care se av\u00e2nt\u0103 \u00een minunata c\u0103l\u0103torie a vie\u021bii. Pe de o parte, [&hellip;]<\/p>\n","protected":false},"author":5,"featured_media":2675,"comment_status":"open","ping_status":"open","sticky":false,"template":"","format":"standard","meta":{"_et_pb_use_builder":"","_et_pb_old_content":"","_et_gb_content_width":"","_crdt_document":"","footnotes":""},"categories":[10,8],"tags":[15],"class_list":["post-2669","post","type-post","status-publish","format-standard","has-post-thumbnail","hentry","category-evenimente","category-prima-pagina","tag-gradinitele-arc-en-ciel"],"_links":{"self":[{"href":"https:\/\/www.anastasiapopescu.ro\/gradinite\/wp-json\/wp\/v2\/posts\/2669","targetHints":{"allow":["GET"]}}],"collection":[{"href":"https:\/\/www.anastasiapopescu.ro\/gradinite\/wp-json\/wp\/v2\/posts"}],"about":[{"href":"https:\/\/www.anastasiapopescu.ro\/gradinite\/wp-json\/wp\/v2\/types\/post"}],"author":[{"embeddable":true,"href":"https:\/\/www.anastasiapopescu.ro\/gradinite\/wp-json\/wp\/v2\/users\/5"}],"replies":[{"embeddable":true,"href":"https:\/\/www.anastasiapopescu.ro\/gradinite\/wp-json\/wp\/v2\/comments?post=2669"}],"version-history":[{"count":1,"href":"https:\/\/www.anastasiapopescu.ro\/gradinite\/wp-json\/wp\/v2\/posts\/2669\/revisions"}],"predecessor-version":[{"id":2676,"href":"https:\/\/www.anastasiapopescu.ro\/gradinite\/wp-json\/wp\/v2\/posts\/2669\/revisions\/2676"}],"wp:featuredmedia":[{"embeddable":true,"href":"https:\/\/www.anastasiapopescu.ro\/gradinite\/wp-json\/wp\/v2\/media\/2675"}],"wp:attachment":[{"href":"https:\/\/www.anastasiapopescu.ro\/gradinite\/wp-json\/wp\/v2\/media?parent=2669"}],"wp:term":[{"taxonomy":"category","embeddable":true,"href":"https:\/\/www.anastasiapopescu.ro\/gradinite\/wp-json\/wp\/v2\/categories?post=2669"},{"taxonomy":"post_tag","embeddable":true,"href":"https:\/\/www.anastasiapopescu.ro\/gradinite\/wp-json\/wp\/v2\/tags?post=2669"}],"curies":[{"name":"wp","href":"https:\/\/api.w.org\/{rel}","templated":true}]}}