{"id":2665,"date":"2023-12-24T09:52:00","date_gmt":"2023-12-24T06:52:00","guid":{"rendered":"https:\/\/www.anastasiapopescu.ro\/gradinite\/?p=2665"},"modified":"2023-12-24T17:57:41","modified_gmt":"2023-12-24T14:57:41","slug":"universul-copiilor-numar-de-craciun","status":"publish","type":"post","link":"https:\/\/www.anastasiapopescu.ro\/gradinite\/universul-copiilor-numar-de-craciun\/","title":{"rendered":"\u201dUniversul copiilor\u201d &#8211; num\u0103r de Cr\u0103ciun"},"content":{"rendered":"\n<p class=\"wp-block-paragraph\">Mo\u0219  Cr\u0103ciun  cu plete dalbe ne-a adus deja, din tolba lui, num\u0103rul din decembrie al revistei \u201dUniversul copiilor\u201d! Revista vorbe\u0219te cel mai bine despre noi, despre preocup\u0103rile \u0219i particip\u0103rile noastre la o sumedenie de evenimente memorabile: concerte, expozi\u021bii, simpozioane, concursuri de succes.<\/p>\n\n\n\n<p class=\"wp-block-paragraph\">S\u0103rb\u0103tori cu bucurie tuturor, \u00een pace \u0219i armonie!<\/p>\n\n\n\n<p class=\"wp-block-paragraph\">Pentru lectur\u0103, deschide\u021bi cu un click cadoul de mai jos:<\/p>\n\n\n\n<p class=\"wp-block-paragraph\"><\/p>\n\n\n\n<figure class=\"wp-block-image size-full\"><a href=\"https:\/\/www.flipsnack.com\/o9revista\/revista-universul-copiilor-decembrie-2023\/full-view.html?fbclid=IwAR2nKrHmm_DYNgiwK5oyhY_nc5QeiSza6tc7W8rdX8JhvQMSCJppCEi5OgM\"><img decoding=\"async\" src=\"https:\/\/www.anastasiapopescu.ro\/scoala\/wp-content\/uploads\/Revista-dec2023.png\" alt=\"\" class=\"wp-image-5256\"\/><\/a><\/figure>\n","protected":false},"excerpt":{"rendered":"<p>Mo\u0219 Cr\u0103ciun cu plete dalbe ne-a adus deja, din tolba lui, num\u0103rul din decembrie al revistei \u201dUniversul copiilor\u201d! Revista vorbe\u0219te cel mai bine despre noi, despre preocup\u0103rile \u0219i particip\u0103rile noastre la o sumedenie de evenimente memorabile: concerte, expozi\u021bii, simpozioane, concursuri de succes. S\u0103rb\u0103tori cu bucurie tuturor, \u00een pace \u0219i armonie! Pentru lectur\u0103, deschide\u021bi cu un [&hellip;]<\/p>\n","protected":false},"author":5,"featured_media":2666,"comment_status":"open","ping_status":"open","sticky":false,"template":"","format":"standard","meta":{"_et_pb_use_builder":"","_et_pb_old_content":"","_et_gb_content_width":"","_crdt_document":"","footnotes":""},"categories":[10,8,130],"tags":[17,131],"class_list":["post-2665","post","type-post","status-publish","format-standard","has-post-thumbnail","hentry","category-evenimente","category-prima-pagina","category-revista-universul-copiilor","tag-liceul-pedagogic-anastasia-popescu","tag-revista-universul-copiilor"],"_links":{"self":[{"href":"https:\/\/www.anastasiapopescu.ro\/gradinite\/wp-json\/wp\/v2\/posts\/2665","targetHints":{"allow":["GET"]}}],"collection":[{"href":"https:\/\/www.anastasiapopescu.ro\/gradinite\/wp-json\/wp\/v2\/posts"}],"about":[{"href":"https:\/\/www.anastasiapopescu.ro\/gradinite\/wp-json\/wp\/v2\/types\/post"}],"author":[{"embeddable":true,"href":"https:\/\/www.anastasiapopescu.ro\/gradinite\/wp-json\/wp\/v2\/users\/5"}],"replies":[{"embeddable":true,"href":"https:\/\/www.anastasiapopescu.ro\/gradinite\/wp-json\/wp\/v2\/comments?post=2665"}],"version-history":[{"count":1,"href":"https:\/\/www.anastasiapopescu.ro\/gradinite\/wp-json\/wp\/v2\/posts\/2665\/revisions"}],"predecessor-version":[{"id":2667,"href":"https:\/\/www.anastasiapopescu.ro\/gradinite\/wp-json\/wp\/v2\/posts\/2665\/revisions\/2667"}],"wp:featuredmedia":[{"embeddable":true,"href":"https:\/\/www.anastasiapopescu.ro\/gradinite\/wp-json\/wp\/v2\/media\/2666"}],"wp:attachment":[{"href":"https:\/\/www.anastasiapopescu.ro\/gradinite\/wp-json\/wp\/v2\/media?parent=2665"}],"wp:term":[{"taxonomy":"category","embeddable":true,"href":"https:\/\/www.anastasiapopescu.ro\/gradinite\/wp-json\/wp\/v2\/categories?post=2665"},{"taxonomy":"post_tag","embeddable":true,"href":"https:\/\/www.anastasiapopescu.ro\/gradinite\/wp-json\/wp\/v2\/tags?post=2665"}],"curies":[{"name":"wp","href":"https:\/\/api.w.org\/{rel}","templated":true}]}}