{"id":2643,"date":"2023-11-13T21:20:20","date_gmt":"2023-11-13T18:20:20","guid":{"rendered":"https:\/\/www.anastasiapopescu.ro\/gradinite\/?p=2643"},"modified":"2023-11-28T22:45:25","modified_gmt":"2023-11-28T19:45:25","slug":"luminite-de-ziua-sfantului-martin","status":"publish","type":"post","link":"https:\/\/www.anastasiapopescu.ro\/gradinite\/luminite-de-ziua-sfantului-martin\/","title":{"rendered":"Lumini\u021be de Ziua Sf\u00e2ntului Martin"},"content":{"rendered":"\n<p class=\"wp-block-paragraph\">Ziua Sf\u00e2ntului Martin este s\u0103rb\u0103torit\u0103 pe 11 noiembrie.  \u00cen aceast\u0103 zi este comemorat  Sf\u00e2ntul Martin din\u00a0Tours.<\/p>\n\n\n\n<p class=\"wp-block-paragraph\">\u00cen unele regiuni exist\u0103 tradi\u021bii spectaculoase, precum paradele cu felinare. Copiii de la Gr\u0103dini\u021bele \u201eArc-en-Ciel\u201d au s\u0103rb\u0103torit \u0219i ei \u00een acela\u0219i fel.<\/p>\n\n\n\n<p class=\"wp-block-paragraph\">Der Martinstag wird am 11. November gefeiert und erinnert an den heiligen Martin von Tours. In einigen Regionen gibt es Traditionen wie Laternenumz\u00fcge. Die Kinder von \u201eArc-en-Ciel\u201c Kindergarten haben auch so gefeiert.<\/p>\n\n\n\n<p class=\"wp-block-paragraph\">Pentru video, click pe imagine:  <\/p>\n\n\n\n<figure class=\"wp-block-image size-full\"><a href=\"https:\/\/www.facebook.com\/GradinitaArcEnCielLiceulPedagogicAnastasiaPopescu\/videos\/1699602947225368\"><img loading=\"lazy\" decoding=\"async\" width=\"800\" height=\"484\" src=\"https:\/\/www.anastasiapopescu.ro\/gradinite\/wp-content\/uploads\/Felinare-SfMartin-nov2023.png\" alt=\"\" class=\"wp-image-2644\" srcset=\"https:\/\/www.anastasiapopescu.ro\/gradinite\/wp-content\/uploads\/Felinare-SfMartin-nov2023.png 800w, https:\/\/www.anastasiapopescu.ro\/gradinite\/wp-content\/uploads\/Felinare-SfMartin-nov2023-480x290.png 480w\" sizes=\"(min-width: 0px) and (max-width: 480px) 480px, (min-width: 481px) 800px, 100vw\" \/><\/a><\/figure>\n\n\n\n<p class=\"wp-block-paragraph\"><\/p>\n\n\n\n<p class=\"wp-block-paragraph\"><\/p>\n\n\n\n<p class=\"wp-block-paragraph\"><\/p>\n\n\n\n<p class=\"wp-block-paragraph\"><\/p>\n","protected":false},"excerpt":{"rendered":"<p>Ziua Sf\u00e2ntului Martin este s\u0103rb\u0103torit\u0103 pe 11 noiembrie. \u00cen aceast\u0103 zi este comemorat Sf\u00e2ntul Martin din\u00a0Tours. \u00cen unele regiuni exist\u0103 tradi\u021bii spectaculoase, precum paradele cu felinare. Copiii de la Gr\u0103dini\u021bele \u201eArc-en-Ciel\u201d au s\u0103rb\u0103torit \u0219i ei \u00een acela\u0219i fel. Der Martinstag wird am 11. November gefeiert und erinnert an den heiligen Martin von Tours. In einigen [&hellip;]<\/p>\n","protected":false},"author":5,"featured_media":2645,"comment_status":"open","ping_status":"open","sticky":false,"template":"","format":"standard","meta":{"_et_pb_use_builder":"","_et_pb_old_content":"","_et_gb_content_width":"","_crdt_document":"","footnotes":""},"categories":[10,8],"tags":[15],"class_list":["post-2643","post","type-post","status-publish","format-standard","has-post-thumbnail","hentry","category-evenimente","category-prima-pagina","tag-gradinitele-arc-en-ciel"],"_links":{"self":[{"href":"https:\/\/www.anastasiapopescu.ro\/gradinite\/wp-json\/wp\/v2\/posts\/2643","targetHints":{"allow":["GET"]}}],"collection":[{"href":"https:\/\/www.anastasiapopescu.ro\/gradinite\/wp-json\/wp\/v2\/posts"}],"about":[{"href":"https:\/\/www.anastasiapopescu.ro\/gradinite\/wp-json\/wp\/v2\/types\/post"}],"author":[{"embeddable":true,"href":"https:\/\/www.anastasiapopescu.ro\/gradinite\/wp-json\/wp\/v2\/users\/5"}],"replies":[{"embeddable":true,"href":"https:\/\/www.anastasiapopescu.ro\/gradinite\/wp-json\/wp\/v2\/comments?post=2643"}],"version-history":[{"count":1,"href":"https:\/\/www.anastasiapopescu.ro\/gradinite\/wp-json\/wp\/v2\/posts\/2643\/revisions"}],"predecessor-version":[{"id":2646,"href":"https:\/\/www.anastasiapopescu.ro\/gradinite\/wp-json\/wp\/v2\/posts\/2643\/revisions\/2646"}],"wp:featuredmedia":[{"embeddable":true,"href":"https:\/\/www.anastasiapopescu.ro\/gradinite\/wp-json\/wp\/v2\/media\/2645"}],"wp:attachment":[{"href":"https:\/\/www.anastasiapopescu.ro\/gradinite\/wp-json\/wp\/v2\/media?parent=2643"}],"wp:term":[{"taxonomy":"category","embeddable":true,"href":"https:\/\/www.anastasiapopescu.ro\/gradinite\/wp-json\/wp\/v2\/categories?post=2643"},{"taxonomy":"post_tag","embeddable":true,"href":"https:\/\/www.anastasiapopescu.ro\/gradinite\/wp-json\/wp\/v2\/tags?post=2643"}],"curies":[{"name":"wp","href":"https:\/\/api.w.org\/{rel}","templated":true}]}}