{"id":2601,"date":"2023-11-03T22:43:40","date_gmt":"2023-11-03T19:43:40","guid":{"rendered":"https:\/\/www.anastasiapopescu.ro\/gradinite\/?p=2601"},"modified":"2023-12-04T22:51:59","modified_gmt":"2023-12-04T19:51:59","slug":"revista-universul-copiilor-numar-de-octombrie","status":"publish","type":"post","link":"https:\/\/www.anastasiapopescu.ro\/gradinite\/revista-universul-copiilor-numar-de-octombrie\/","title":{"rendered":"Revista \u201dUniversul copiilor\u201d &#8211; num\u0103r de octombrie"},"content":{"rendered":"\n<p class=\"wp-block-paragraph\">Luna octombrie ne-a adus o toamn\u0103 bogat\u0103 \u00een roade, dar \u0219i \u00een  evenimente  deosebite, la care elevii Liceului au participat cu bucurie. \u00cen paginile noului num\u0103r al revistei \u201dUniversul copiilor\u201d g\u0103si\u021bi tot ceea ce ne-a impresionat \u00een aceast\u0103 lun\u0103 superb\u0103.<\/p>\n\n\n\n<p class=\"wp-block-paragraph\">Click pe coperta de mai jos:<\/p>\n\n\n\n<p class=\"wp-block-paragraph\"><\/p>\n\n\n\n<figure class=\"wp-block-image size-full\"><a href=\"https:\/\/www.flipsnack.com\/o9revista\/revista-universul-copiilor-octombrie-2023\/full-view.html?fbclid=IwAR1LSO2z9ySpux33P5RtEV7k9jFBc29Zfzpk_XrG7n3Bb1xYeoU29zj8n-0\"><img decoding=\"async\" src=\"https:\/\/www.anastasiapopescu.ro\/liceu\/wp-content\/uploads\/2023\/11\/Revista-oct2023.png\" alt=\"\" class=\"wp-image-3846\"\/><\/a><\/figure>\n","protected":false},"excerpt":{"rendered":"<p>Luna octombrie ne-a adus o toamn\u0103 bogat\u0103 \u00een roade, dar \u0219i \u00een evenimente deosebite, la care elevii Liceului au participat cu bucurie. \u00cen paginile noului num\u0103r al revistei \u201dUniversul copiilor\u201d g\u0103si\u021bi tot ceea ce ne-a impresionat \u00een aceast\u0103 lun\u0103 superb\u0103. Click pe coperta de mai jos:<\/p>\n","protected":false},"author":5,"featured_media":2602,"comment_status":"open","ping_status":"open","sticky":false,"template":"","format":"standard","meta":{"_et_pb_use_builder":"","_et_pb_old_content":"","_et_gb_content_width":"","_crdt_document":"","footnotes":""},"categories":[10,8,130],"tags":[17,131],"class_list":["post-2601","post","type-post","status-publish","format-standard","has-post-thumbnail","hentry","category-evenimente","category-prima-pagina","category-revista-universul-copiilor","tag-liceul-pedagogic-anastasia-popescu","tag-revista-universul-copiilor"],"_links":{"self":[{"href":"https:\/\/www.anastasiapopescu.ro\/gradinite\/wp-json\/wp\/v2\/posts\/2601","targetHints":{"allow":["GET"]}}],"collection":[{"href":"https:\/\/www.anastasiapopescu.ro\/gradinite\/wp-json\/wp\/v2\/posts"}],"about":[{"href":"https:\/\/www.anastasiapopescu.ro\/gradinite\/wp-json\/wp\/v2\/types\/post"}],"author":[{"embeddable":true,"href":"https:\/\/www.anastasiapopescu.ro\/gradinite\/wp-json\/wp\/v2\/users\/5"}],"replies":[{"embeddable":true,"href":"https:\/\/www.anastasiapopescu.ro\/gradinite\/wp-json\/wp\/v2\/comments?post=2601"}],"version-history":[{"count":2,"href":"https:\/\/www.anastasiapopescu.ro\/gradinite\/wp-json\/wp\/v2\/posts\/2601\/revisions"}],"predecessor-version":[{"id":2604,"href":"https:\/\/www.anastasiapopescu.ro\/gradinite\/wp-json\/wp\/v2\/posts\/2601\/revisions\/2604"}],"wp:featuredmedia":[{"embeddable":true,"href":"https:\/\/www.anastasiapopescu.ro\/gradinite\/wp-json\/wp\/v2\/media\/2602"}],"wp:attachment":[{"href":"https:\/\/www.anastasiapopescu.ro\/gradinite\/wp-json\/wp\/v2\/media?parent=2601"}],"wp:term":[{"taxonomy":"category","embeddable":true,"href":"https:\/\/www.anastasiapopescu.ro\/gradinite\/wp-json\/wp\/v2\/categories?post=2601"},{"taxonomy":"post_tag","embeddable":true,"href":"https:\/\/www.anastasiapopescu.ro\/gradinite\/wp-json\/wp\/v2\/tags?post=2601"}],"curies":[{"name":"wp","href":"https:\/\/api.w.org\/{rel}","templated":true}]}}