{"id":2597,"date":"2023-10-06T21:27:12","date_gmt":"2023-10-06T18:27:12","guid":{"rendered":"https:\/\/www.anastasiapopescu.ro\/gradinite\/?p=2597"},"modified":"2023-11-11T21:50:56","modified_gmt":"2023-11-11T18:50:56","slug":"universul-copiilor-la-inceput-de-an-scolar","status":"publish","type":"post","link":"https:\/\/www.anastasiapopescu.ro\/gradinite\/universul-copiilor-la-inceput-de-an-scolar\/","title":{"rendered":"\u201dUniversul copiilor\u201d la \u00eenceput de an \u0219colar"},"content":{"rendered":"\n<p class=\"wp-block-paragraph\">Ne-am re\u00eent\u00e2lnit pentru un nou \u00eenceput \u0219colar \u0219i bucuria revederii ne-a \u00eendemnat s\u0103 \u00eemp\u0103rt\u0103\u0219im cu voi toate c\u00e2te s-au \u00eent\u00e2mplat \u00een aceast\u0103 prim\u0103 lun\u0103 de \u0219coal\u0103. Am adunat toate evenimentele frumoase \u00een noul num\u0103r al revistei \u201dUniversul copiilor\u201d: \u00eent\u00e2lniri valoroase cu matematica, cu muzica, cu istoria, cu artele plastice, cu religia, cu literatura, pe toate vi le oferim, \u00een imagini \u0219i cuvinte gr\u0103itoare. <\/p>\n\n\n\n<p class=\"wp-block-paragraph\">Ca s\u0103 vede\u021bi tot ce am preg\u0103tit, click pe coperta de mai jos: <\/p>\n\n\n\n<p class=\"wp-block-paragraph\"><\/p>\n\n\n\n<figure class=\"wp-block-image size-full\"><a href=\"https:\/\/www.flipsnack.com\/o9revista\/revista-universul-copiilor-septembrie-2023\/full-view.html?fbclid=IwAR36tU4Hhlzx-9mddyFkJv6vkNngKERDCU3HKv7Z_QEx74YjNf_SdeF3dGE\"><img decoding=\"async\" src=\"https:\/\/www.anastasiapopescu.ro\/liceu\/wp-content\/uploads\/2023\/10\/Revista-sept2023.png\" alt=\"\" class=\"wp-image-3762\"\/><\/a><\/figure>\n","protected":false},"excerpt":{"rendered":"<p>Ne-am re\u00eent\u00e2lnit pentru un nou \u00eenceput \u0219colar \u0219i bucuria revederii ne-a \u00eendemnat s\u0103 \u00eemp\u0103rt\u0103\u0219im cu voi toate c\u00e2te s-au \u00eent\u00e2mplat \u00een aceast\u0103 prim\u0103 lun\u0103 de \u0219coal\u0103. Am adunat toate evenimentele frumoase \u00een noul num\u0103r al revistei \u201dUniversul copiilor\u201d: \u00eent\u00e2lniri valoroase cu matematica, cu muzica, cu istoria, cu artele plastice, cu religia, cu literatura, pe toate [&hellip;]<\/p>\n","protected":false},"author":5,"featured_media":2598,"comment_status":"open","ping_status":"open","sticky":false,"template":"","format":"standard","meta":{"_et_pb_use_builder":"","_et_pb_old_content":"","_et_gb_content_width":"","_crdt_document":"","footnotes":""},"categories":[10,8,130],"tags":[],"class_list":["post-2597","post","type-post","status-publish","format-standard","has-post-thumbnail","hentry","category-evenimente","category-prima-pagina","category-revista-universul-copiilor"],"_links":{"self":[{"href":"https:\/\/www.anastasiapopescu.ro\/gradinite\/wp-json\/wp\/v2\/posts\/2597","targetHints":{"allow":["GET"]}}],"collection":[{"href":"https:\/\/www.anastasiapopescu.ro\/gradinite\/wp-json\/wp\/v2\/posts"}],"about":[{"href":"https:\/\/www.anastasiapopescu.ro\/gradinite\/wp-json\/wp\/v2\/types\/post"}],"author":[{"embeddable":true,"href":"https:\/\/www.anastasiapopescu.ro\/gradinite\/wp-json\/wp\/v2\/users\/5"}],"replies":[{"embeddable":true,"href":"https:\/\/www.anastasiapopescu.ro\/gradinite\/wp-json\/wp\/v2\/comments?post=2597"}],"version-history":[{"count":1,"href":"https:\/\/www.anastasiapopescu.ro\/gradinite\/wp-json\/wp\/v2\/posts\/2597\/revisions"}],"predecessor-version":[{"id":2599,"href":"https:\/\/www.anastasiapopescu.ro\/gradinite\/wp-json\/wp\/v2\/posts\/2597\/revisions\/2599"}],"wp:featuredmedia":[{"embeddable":true,"href":"https:\/\/www.anastasiapopescu.ro\/gradinite\/wp-json\/wp\/v2\/media\/2598"}],"wp:attachment":[{"href":"https:\/\/www.anastasiapopescu.ro\/gradinite\/wp-json\/wp\/v2\/media?parent=2597"}],"wp:term":[{"taxonomy":"category","embeddable":true,"href":"https:\/\/www.anastasiapopescu.ro\/gradinite\/wp-json\/wp\/v2\/categories?post=2597"},{"taxonomy":"post_tag","embeddable":true,"href":"https:\/\/www.anastasiapopescu.ro\/gradinite\/wp-json\/wp\/v2\/tags?post=2597"}],"curies":[{"name":"wp","href":"https:\/\/api.w.org\/{rel}","templated":true}]}}